{"id":451,"date":"2024-05-29T16:46:42","date_gmt":"2024-05-29T14:46:42","guid":{"rendered":"https:\/\/www.missionslocalesnormandie.fr\/mission-locale-agglomeration-rouennaise\/?p=451"},"modified":"2024-06-03T13:51:47","modified_gmt":"2024-06-03T11:51:47","slug":"serie-nuage-18ans","status":"publish","type":"post","link":"https:\/\/www.missionslocalesnormandie.fr\/mission-locale-agglomeration-rouennaise\/2024\/05\/29\/serie-nuage-18ans\/","title":{"rendered":"S\u00e9rie &#8220;Sur leur nu-\u00e2ge&#8221; 2\/8"},"content":{"rendered":"\t\t<div data-elementor-type=\"wp-post\" data-elementor-id=\"451\" class=\"elementor elementor-451\">\n\t\t\t\t<div class=\"elementor-element elementor-element-088a0b1 e-flex e-con-boxed e-con e-parent\" data-id=\"088a0b1\" data-element_type=\"container\">\n\t\t\t\t\t<div class=\"e-con-inner\">\n\t\t\t\t<div class=\"elementor-element elementor-element-6f553a5 elementor-widget elementor-widget-block_simple_visuel\" data-id=\"6f553a5\" data-element_type=\"widget\" data-widget_type=\"block_simple_visuel.default\">\n\t\t\t\t<div class=\"elementor-widget-container\">\n\t\t\t    <div class=\"container\">\n        <figure>\n                        \n                                                            <a href=\"https:\/\/www.missionslocalesnormandie.fr\/content\/uploads\/sites\/3\/2024\/05\/oceane-nu-age.jpeg\">\n                    <img decoding=\"async\" src=\"https:\/\/www.missionslocalesnormandie.fr\/content\/uploads\/sites\/3\/2024\/05\/oceane-nu-age-950x595-c-default.jpeg\"\n                         alt=\"MISSION LOCALE DE L'AGGLOMERATION ROUENNAISE\"\/>\n                <\/a>\n            \n                    <\/figure>\n    <\/div>\n\t\t<\/div>\n\t\t\t\t<\/div>\n\t\t\t\t\t<\/div>\n\t\t\t\t<\/div>\n\t\t<div class=\"elementor-element elementor-element-a4d5e31 e-flex e-con-boxed e-con e-parent\" data-id=\"a4d5e31\" data-element_type=\"container\">\n\t\t\t\t\t<div class=\"e-con-inner\">\n\t\t\t\t<div class=\"elementor-element elementor-element-2b3629c elementor-widget elementor-widget-block_colonnes_texte\" data-id=\"2b3629c\" data-element_type=\"widget\" data-widget_type=\"block_colonnes_texte.default\">\n\t\t\t\t<div class=\"elementor-widget-container\">\n\t\t\t    <div class=\"container\">\n                <div class=\"row my-4 row-cols-1 row-cols-lg-2 row-cols-xl-1\">\n                            <div class=\"col mb-4\">\n                    <p>Chaque semaine, des jeunes de la Mission locale de Rouen racontent la fa\u00e7on dont d'autres jeunes vivent leur \u00e2ge. Aujourd'hui,\u00a0<strong>18\u00a0ans<\/strong>.\u00a0\u00a0<\/p><h2><strong>Oc\u00e9ane : \"Enfin responsable !\"\u00a0<\/strong>\u00a0<\/h2><p>\"Le souvenir de mes 18ans ? Quand je suis all\u00e9e chercher ma voiture, parce que ce n'\u00e9tait pas tout pr\u00e8s et surtout c'\u00e9tait le symbole de l'ind\u00e9pendance.\"\u00a0<\/p><p>Oc\u00e9ane\u00a0Dugard, 18 ans depuis le 18 Juillet, a emm\u00e9nag\u00e9 \u00e0 Rouen en octobre apr\u00e8s avoir obtenu un bac technologique en management. Elle a travaill\u00e9 un temps au Havre avant de rejoindre la Mission locale de Rouen. Un peu perdue : \"C'est assez angoissant car je ne sais pas quoi choisir, plusieurs choses m'int\u00e9ressent, j'aurais bien aim\u00e9 \u00eatre psychologue ou avocate, finalement le CAP Petite Enfance m'int\u00e9resse aussi.\"\u00a0<\/p><p>Pour Oc\u00e9ane, avoir 18 ans en 2024 c'est avant tout \" des responsabilit\u00e9s, il y a deux c\u00f4t\u00e9s : quand tu es majeur, tu n'as plus besoin d'autorisation mais tu as plus de charges, je ne peux plus me comporter comme si il n'y avait pas de cons\u00e9quences.\"\u00a0\u00a0<\/p><h2><strong>\"Voter ? Peut-\u00eatre...\"<\/strong>\u00a0<\/h2><p>Ce choix d'ind\u00e9pendance, Oc\u00e9ane l'a m\u00fbri avec son compagnon \u00e2g\u00e9 de 19 ans et avec le soutien de sa famille qui habite pr\u00e8s d'\u00c9tretat. \"Avec mon compagnon, on voulait notre ind\u00e9pendance, on s'est dit que le plus t\u00f4t serait le mieux.\"\u00a0<\/p><p>Un choix pas forc\u00e9ment habituel \u00e0 son \u00e2ge. \"Mes amies qui ont 18 ans sont encore dans leur famille. Je me sens en avance\". Privil\u00e9gi\u00e9e ? \"Non pas du tout\".\u00a0<\/p><p>Oc\u00e9ane va pouvoir b\u00e9n\u00e9ficier pour la premi\u00e8re fois du droit de vote lors des \u00e9lections europ\u00e9ennes du 9 juin. Pas vraiment une priorit\u00e9 \u00e0 ses yeux : \" cela est peut-\u00eatre une possibilit\u00e9, je vais peut-\u00eatre voter mais pour moi ce n'est pas si important.\"\u00a0\u00a0<\/p><p>Finalement, la jeune femme ne pense pas se souvenir toute sa vie de l'ann\u00e9e de ses 18ans. Peut-\u00eatre juste de la marque de la voiture.\u00a0\u00a0<\/p><p>Propos recueillis par\u00a0Lilo\u00a0MARIN-RODA\u00a0<\/p><p><em>\u00a0<\/em><\/p><p><em>Cet article a \u00e9t\u00e9 r\u00e9alis\u00e9 lors d\u2019un atelier d\u2019\u00e9criture de la Mission locale de Rouen, dans le cadre d\u2019un projet soutenu par la Drac Normandie et le Club de la presse et de la communication de Normandie<\/em><em>. Si vous souhaitez, vous aussi, participer en tant que r\u00e9dacteur ou t\u00e9moin, contactez-nous via le site internet de la Mission locale de Rouen. Les prochains rendez-vous :\u00a0 jeudi 30 mai, mercredi 12 juin de 13h45 \u00e0 16h00. <\/em>\u00a0<\/p>\n                <\/div>\n                    <\/div>\n    <\/div>\n\t\t<\/div>\n\t\t\t\t<\/div>\n\t\t\t\t\t<\/div>\n\t\t\t\t<\/div>\n\t\t\t\t<\/div>\n\t\t","protected":false},"excerpt":{"rendered":"<p>Chaque semaine, des jeunes de la Mission locale de Rouen racontent la fa\u00e7on dont d&#8217;autres jeunes vivent leur \u00e2ge. Aujourd&#8217;hui,\u00a018\u00a0ans. Oc\u00e9ane : &#8220;Enfin responsable !&#8221;\u00a0 &#8220;Le souvenir de mes 18ans ? Quand je suis all\u00e9e chercher ma voiture, parce que ce n&#8217;\u00e9tait pas tout pr\u00e8s et surtout c&#8217;\u00e9tait le symbole de l&#8217;ind\u00e9pendance.&#8221; Oc\u00e9ane\u00a0Dugard, 18 ans [&hellip;]<\/p>\n","protected":false},"author":30,"featured_media":474,"comment_status":"open","ping_status":"open","sticky":false,"template":"","format":"standard","meta":{"_acf_changed":false,"_crosspost_to_1":false,"_crosspost_to_2":false,"_crosspost_to_4":false,"_crosspost_to_5":false,"_crosspost_to_6":false,"_crosspost_to_7":false,"_crosspost_to_8":false,"_crosspost_to_11":false,"_crosspost_to_12":false,"_crosspost_to_13":false,"_crosspost_to_14":false,"_crosspost_to_15":false,"_crosspost_to_16":false,"inline_featured_image":false,"footnotes":""},"categories":[1],"tags":[],"acf":[],"yoast_head":"<!-- This site is optimized with the Yoast SEO plugin v21.9.1 - https:\/\/yoast.com\/wordpress\/plugins\/seo\/ -->\n<title>S\u00e9rie &quot;Sur leur nu-\u00e2ge&quot; 2\/8 - MISSION LOCALE DE L&#039;AGGLOMERATION ROUENNAISE<\/title>\n<meta name=\"robots\" content=\"index, follow, max-snippet:-1, max-image-preview:large, max-video-preview:-1\" \/>\n<link rel=\"canonical\" href=\"https:\/\/www.missionslocalesnormandie.fr\/mission-locale-agglomeration-rouennaise\/2024\/05\/29\/serie-nuage-18ans\/\" \/>\n<meta property=\"og:locale\" content=\"fr_FR\" \/>\n<meta property=\"og:type\" content=\"article\" \/>\n<meta property=\"og:title\" content=\"S\u00e9rie &quot;Sur leur nu-\u00e2ge&quot; 2\/8 - MISSION LOCALE DE L&#039;AGGLOMERATION ROUENNAISE\" \/>\n<meta property=\"og:description\" content=\"Chaque semaine, des jeunes de la Mission locale de Rouen racontent la fa\u00e7on dont d&#8217;autres jeunes vivent leur \u00e2ge. Aujourd&#8217;hui,\u00a018\u00a0ans. Oc\u00e9ane : &#8220;Enfin responsable !&#8221;\u00a0 &#8220;Le souvenir de mes 18ans ? Quand je suis all\u00e9e chercher ma voiture, parce que ce n&#8217;\u00e9tait pas tout pr\u00e8s et surtout c&#8217;\u00e9tait le symbole de l&#8217;ind\u00e9pendance.&#8221; Oc\u00e9ane\u00a0Dugard, 18 ans [&hellip;]\" \/>\n<meta property=\"og:url\" content=\"https:\/\/www.missionslocalesnormandie.fr\/mission-locale-agglomeration-rouennaise\/2024\/05\/29\/serie-nuage-18ans\/\" \/>\n<meta property=\"og:site_name\" content=\"MISSION LOCALE DE L&#039;AGGLOMERATION ROUENNAISE\" \/>\n<meta property=\"article:published_time\" content=\"2024-05-29T14:46:42+00:00\" \/>\n<meta property=\"article:modified_time\" content=\"2024-06-03T11:51:47+00:00\" \/>\n<meta property=\"og:image\" content=\"https:\/\/www.missionslocalesnormandie.fr\/content\/uploads\/sites\/3\/2024\/05\/18-ans.jpg\" \/>\n\t<meta property=\"og:image:width\" content=\"940\" \/>\n\t<meta property=\"og:image:height\" content=\"788\" \/>\n\t<meta property=\"og:image:type\" content=\"image\/jpeg\" \/>\n<meta name=\"author\" content=\"cbesnard\" \/>\n<meta name=\"twitter:card\" content=\"summary_large_image\" \/>\n<meta name=\"twitter:label1\" content=\"\u00c9crit par\" \/>\n\t<meta name=\"twitter:data1\" content=\"cbesnard\" \/>\n\t<meta name=\"twitter:label2\" content=\"Dur\u00e9e de lecture estim\u00e9e\" \/>\n\t<meta name=\"twitter:data2\" content=\"3 minutes\" \/>\n<script type=\"application\/ld+json\" class=\"yoast-schema-graph\">{\"@context\":\"https:\/\/schema.org\",\"@graph\":[{\"@type\":\"WebPage\",\"@id\":\"https:\/\/www.missionslocalesnormandie.fr\/mission-locale-agglomeration-rouennaise\/2024\/05\/29\/serie-nuage-18ans\/\",\"url\":\"https:\/\/www.missionslocalesnormandie.fr\/mission-locale-agglomeration-rouennaise\/2024\/05\/29\/serie-nuage-18ans\/\",\"name\":\"S\u00e9rie \\\"Sur leur nu-\u00e2ge\\\" 2\/8 - MISSION LOCALE DE L'AGGLOMERATION ROUENNAISE\",\"isPartOf\":{\"@id\":\"https:\/\/www.missionslocalesnormandie.fr\/mission-locale-agglomeration-rouennaise\/#website\"},\"datePublished\":\"2024-05-29T14:46:42+00:00\",\"dateModified\":\"2024-06-03T11:51:47+00:00\",\"author\":{\"@id\":\"https:\/\/www.missionslocalesnormandie.fr\/mission-locale-agglomeration-rouennaise\/#\/schema\/person\/69d692bcabbcc7b16d72a336c6485c27\"},\"breadcrumb\":{\"@id\":\"https:\/\/www.missionslocalesnormandie.fr\/mission-locale-agglomeration-rouennaise\/2024\/05\/29\/serie-nuage-18ans\/#breadcrumb\"},\"inLanguage\":\"fr-FR\",\"potentialAction\":[{\"@type\":\"ReadAction\",\"target\":[\"https:\/\/www.missionslocalesnormandie.fr\/mission-locale-agglomeration-rouennaise\/2024\/05\/29\/serie-nuage-18ans\/\"]}]},{\"@type\":\"BreadcrumbList\",\"@id\":\"https:\/\/www.missionslocalesnormandie.fr\/mission-locale-agglomeration-rouennaise\/2024\/05\/29\/serie-nuage-18ans\/#breadcrumb\",\"itemListElement\":[{\"@type\":\"ListItem\",\"position\":1,\"name\":\"Home\",\"item\":\"https:\/\/www.missionslocalesnormandie.fr\/mission-locale-agglomeration-rouennaise\/\"},{\"@type\":\"ListItem\",\"position\":2,\"name\":\"Actualit\u00e9s\",\"item\":\"https:\/\/www.missionslocalesnormandie.fr\/mission-locale-agglomeration-rouennaise\/actualites\/\"},{\"@type\":\"ListItem\",\"position\":3,\"name\":\"S\u00e9rie &#8220;Sur leur nu-\u00e2ge&#8221; 2\/8\"}]},{\"@type\":\"WebSite\",\"@id\":\"https:\/\/www.missionslocalesnormandie.fr\/mission-locale-agglomeration-rouennaise\/#website\",\"url\":\"https:\/\/www.missionslocalesnormandie.fr\/mission-locale-agglomeration-rouennaise\/\",\"name\":\"MISSION LOCALE DE L'AGGLOMERATION ROUENNAISE\",\"description\":\"\",\"potentialAction\":[{\"@type\":\"SearchAction\",\"target\":{\"@type\":\"EntryPoint\",\"urlTemplate\":\"https:\/\/www.missionslocalesnormandie.fr\/mission-locale-agglomeration-rouennaise\/?s={search_term_string}\"},\"query-input\":\"required name=search_term_string\"}],\"inLanguage\":\"fr-FR\"},{\"@type\":\"Person\",\"@id\":\"https:\/\/www.missionslocalesnormandie.fr\/mission-locale-agglomeration-rouennaise\/#\/schema\/person\/69d692bcabbcc7b16d72a336c6485c27\",\"name\":\"cbesnard\",\"image\":{\"@type\":\"ImageObject\",\"inLanguage\":\"fr-FR\",\"@id\":\"https:\/\/www.missionslocalesnormandie.fr\/mission-locale-agglomeration-rouennaise\/#\/schema\/person\/image\/\",\"url\":\"https:\/\/secure.gravatar.com\/avatar\/1eb2c9f8022168d616c8729d8b522b1c?s=96&d=mm&r=g\",\"contentUrl\":\"https:\/\/secure.gravatar.com\/avatar\/1eb2c9f8022168d616c8729d8b522b1c?s=96&d=mm&r=g\",\"caption\":\"cbesnard\"},\"url\":\"https:\/\/www.missionslocalesnormandie.fr\/mission-locale-agglomeration-rouennaise\/author\/cbesnard\/\"}]}<\/script>\n<!-- \/ Yoast SEO plugin. -->","yoast_head_json":{"title":"S\u00e9rie \"Sur leur nu-\u00e2ge\" 2\/8 - MISSION LOCALE DE L'AGGLOMERATION ROUENNAISE","robots":{"index":"index","follow":"follow","max-snippet":"max-snippet:-1","max-image-preview":"max-image-preview:large","max-video-preview":"max-video-preview:-1"},"canonical":"https:\/\/www.missionslocalesnormandie.fr\/mission-locale-agglomeration-rouennaise\/2024\/05\/29\/serie-nuage-18ans\/","og_locale":"fr_FR","og_type":"article","og_title":"S\u00e9rie \"Sur leur nu-\u00e2ge\" 2\/8 - MISSION LOCALE DE L'AGGLOMERATION ROUENNAISE","og_description":"Chaque semaine, des jeunes de la Mission locale de Rouen racontent la fa\u00e7on dont d&#8217;autres jeunes vivent leur \u00e2ge. Aujourd&#8217;hui,\u00a018\u00a0ans. Oc\u00e9ane : &#8220;Enfin responsable !&#8221;\u00a0 &#8220;Le souvenir de mes 18ans ? Quand je suis all\u00e9e chercher ma voiture, parce que ce n&#8217;\u00e9tait pas tout pr\u00e8s et surtout c&#8217;\u00e9tait le symbole de l&#8217;ind\u00e9pendance.&#8221; Oc\u00e9ane\u00a0Dugard, 18 ans [&hellip;]","og_url":"https:\/\/www.missionslocalesnormandie.fr\/mission-locale-agglomeration-rouennaise\/2024\/05\/29\/serie-nuage-18ans\/","og_site_name":"MISSION LOCALE DE L'AGGLOMERATION ROUENNAISE","article_published_time":"2024-05-29T14:46:42+00:00","article_modified_time":"2024-06-03T11:51:47+00:00","og_image":[{"width":940,"height":788,"url":"https:\/\/www.missionslocalesnormandie.fr\/content\/uploads\/sites\/3\/2024\/05\/18-ans.jpg","type":"image\/jpeg"}],"author":"cbesnard","twitter_card":"summary_large_image","twitter_misc":{"\u00c9crit par":"cbesnard","Dur\u00e9e de lecture estim\u00e9e":"3 minutes"},"schema":{"@context":"https:\/\/schema.org","@graph":[{"@type":"WebPage","@id":"https:\/\/www.missionslocalesnormandie.fr\/mission-locale-agglomeration-rouennaise\/2024\/05\/29\/serie-nuage-18ans\/","url":"https:\/\/www.missionslocalesnormandie.fr\/mission-locale-agglomeration-rouennaise\/2024\/05\/29\/serie-nuage-18ans\/","name":"S\u00e9rie \"Sur leur nu-\u00e2ge\" 2\/8 - MISSION LOCALE DE L'AGGLOMERATION ROUENNAISE","isPartOf":{"@id":"https:\/\/www.missionslocalesnormandie.fr\/mission-locale-agglomeration-rouennaise\/#website"},"datePublished":"2024-05-29T14:46:42+00:00","dateModified":"2024-06-03T11:51:47+00:00","author":{"@id":"https:\/\/www.missionslocalesnormandie.fr\/mission-locale-agglomeration-rouennaise\/#\/schema\/person\/69d692bcabbcc7b16d72a336c6485c27"},"breadcrumb":{"@id":"https:\/\/www.missionslocalesnormandie.fr\/mission-locale-agglomeration-rouennaise\/2024\/05\/29\/serie-nuage-18ans\/#breadcrumb"},"inLanguage":"fr-FR","potentialAction":[{"@type":"ReadAction","target":["https:\/\/www.missionslocalesnormandie.fr\/mission-locale-agglomeration-rouennaise\/2024\/05\/29\/serie-nuage-18ans\/"]}]},{"@type":"BreadcrumbList","@id":"https:\/\/www.missionslocalesnormandie.fr\/mission-locale-agglomeration-rouennaise\/2024\/05\/29\/serie-nuage-18ans\/#breadcrumb","itemListElement":[{"@type":"ListItem","position":1,"name":"Home","item":"https:\/\/www.missionslocalesnormandie.fr\/mission-locale-agglomeration-rouennaise\/"},{"@type":"ListItem","position":2,"name":"Actualit\u00e9s","item":"https:\/\/www.missionslocalesnormandie.fr\/mission-locale-agglomeration-rouennaise\/actualites\/"},{"@type":"ListItem","position":3,"name":"S\u00e9rie &#8220;Sur leur nu-\u00e2ge&#8221; 2\/8"}]},{"@type":"WebSite","@id":"https:\/\/www.missionslocalesnormandie.fr\/mission-locale-agglomeration-rouennaise\/#website","url":"https:\/\/www.missionslocalesnormandie.fr\/mission-locale-agglomeration-rouennaise\/","name":"MISSION LOCALE DE L'AGGLOMERATION ROUENNAISE","description":"","potentialAction":[{"@type":"SearchAction","target":{"@type":"EntryPoint","urlTemplate":"https:\/\/www.missionslocalesnormandie.fr\/mission-locale-agglomeration-rouennaise\/?s={search_term_string}"},"query-input":"required name=search_term_string"}],"inLanguage":"fr-FR"},{"@type":"Person","@id":"https:\/\/www.missionslocalesnormandie.fr\/mission-locale-agglomeration-rouennaise\/#\/schema\/person\/69d692bcabbcc7b16d72a336c6485c27","name":"cbesnard","image":{"@type":"ImageObject","inLanguage":"fr-FR","@id":"https:\/\/www.missionslocalesnormandie.fr\/mission-locale-agglomeration-rouennaise\/#\/schema\/person\/image\/","url":"https:\/\/secure.gravatar.com\/avatar\/1eb2c9f8022168d616c8729d8b522b1c?s=96&d=mm&r=g","contentUrl":"https:\/\/secure.gravatar.com\/avatar\/1eb2c9f8022168d616c8729d8b522b1c?s=96&d=mm&r=g","caption":"cbesnard"},"url":"https:\/\/www.missionslocalesnormandie.fr\/mission-locale-agglomeration-rouennaise\/author\/cbesnard\/"}]}},"_links":{"self":[{"href":"https:\/\/www.missionslocalesnormandie.fr\/mission-locale-agglomeration-rouennaise\/wp-json\/wp\/v2\/posts\/451"}],"collection":[{"href":"https:\/\/www.missionslocalesnormandie.fr\/mission-locale-agglomeration-rouennaise\/wp-json\/wp\/v2\/posts"}],"about":[{"href":"https:\/\/www.missionslocalesnormandie.fr\/mission-locale-agglomeration-rouennaise\/wp-json\/wp\/v2\/types\/post"}],"author":[{"embeddable":true,"href":"https:\/\/www.missionslocalesnormandie.fr\/mission-locale-agglomeration-rouennaise\/wp-json\/wp\/v2\/users\/30"}],"replies":[{"embeddable":true,"href":"https:\/\/www.missionslocalesnormandie.fr\/mission-locale-agglomeration-rouennaise\/wp-json\/wp\/v2\/comments?post=451"}],"version-history":[{"count":8,"href":"https:\/\/www.missionslocalesnormandie.fr\/mission-locale-agglomeration-rouennaise\/wp-json\/wp\/v2\/posts\/451\/revisions"}],"predecessor-version":[{"id":475,"href":"https:\/\/www.missionslocalesnormandie.fr\/mission-locale-agglomeration-rouennaise\/wp-json\/wp\/v2\/posts\/451\/revisions\/475"}],"wp:featuredmedia":[{"embeddable":true,"href":"https:\/\/www.missionslocalesnormandie.fr\/mission-locale-agglomeration-rouennaise\/wp-json\/wp\/v2\/media\/474"}],"wp:attachment":[{"href":"https:\/\/www.missionslocalesnormandie.fr\/mission-locale-agglomeration-rouennaise\/wp-json\/wp\/v2\/media?parent=451"}],"wp:term":[{"taxonomy":"category","embeddable":true,"href":"https:\/\/www.missionslocalesnormandie.fr\/mission-locale-agglomeration-rouennaise\/wp-json\/wp\/v2\/categories?post=451"},{"taxonomy":"post_tag","embeddable":true,"href":"https:\/\/www.missionslocalesnormandie.fr\/mission-locale-agglomeration-rouennaise\/wp-json\/wp\/v2\/tags?post=451"}],"curies":[{"name":"wp","href":"https:\/\/api.w.org\/{rel}","templated":true}]}}