{"id":460,"date":"2024-05-31T09:02:14","date_gmt":"2024-05-31T07:02:14","guid":{"rendered":"https:\/\/www.missionslocalesnormandie.fr\/mission-locale-agglomeration-rouennaise\/?p=460"},"modified":"2024-06-03T13:46:04","modified_gmt":"2024-06-03T11:46:04","slug":"serie-sur-leur-nu-age-3-8","status":"publish","type":"post","link":"https:\/\/www.missionslocalesnormandie.fr\/mission-locale-agglomeration-rouennaise\/2024\/05\/31\/serie-sur-leur-nu-age-3-8\/","title":{"rendered":"S\u00e9rie &#8220;Sur leur nu-\u00e2ge&#8221; 3\/8"},"content":{"rendered":"\t\t<div data-elementor-type=\"wp-post\" data-elementor-id=\"460\" class=\"elementor elementor-460\">\n\t\t\t\t<div class=\"elementor-element elementor-element-7acc393 e-flex e-con-boxed e-con e-parent\" data-id=\"7acc393\" data-element_type=\"container\">\n\t\t\t\t\t<div class=\"e-con-inner\">\n\t\t\t\t<div class=\"elementor-element elementor-element-9e1fdd0 elementor-widget elementor-widget-block_simple_visuel\" data-id=\"9e1fdd0\" data-element_type=\"widget\" data-widget_type=\"block_simple_visuel.default\">\n\t\t\t\t<div class=\"elementor-widget-container\">\n\t\t\t    <div class=\"container\">\n        <figure>\n                        \n                                                            <a href=\"https:\/\/www.missionslocalesnormandie.fr\/content\/uploads\/sites\/3\/2024\/05\/IMG_5204-scaled.jpeg\">\n                    <img decoding=\"async\" src=\"https:\/\/www.missionslocalesnormandie.fr\/content\/uploads\/sites\/3\/2024\/05\/IMG_5204-scaled-950x595-c-default.jpeg\"\n                         alt=\"MISSION LOCALE DE L'AGGLOMERATION ROUENNAISE\"\/>\n                <\/a>\n            \n                    <\/figure>\n    <\/div>\n\t\t<\/div>\n\t\t\t\t<\/div>\n\t\t\t\t\t<\/div>\n\t\t\t\t<\/div>\n\t\t<div class=\"elementor-element elementor-element-8ddcad8 e-flex e-con-boxed e-con e-parent\" data-id=\"8ddcad8\" data-element_type=\"container\">\n\t\t\t\t\t<div class=\"e-con-inner\">\n\t\t\t\t<div class=\"elementor-element elementor-element-af189de elementor-widget elementor-widget-block_colonnes_texte\" data-id=\"af189de\" data-element_type=\"widget\" data-widget_type=\"block_colonnes_texte.default\">\n\t\t\t\t<div class=\"elementor-widget-container\">\n\t\t\t    <div class=\"container\">\n                <div class=\"row my-4 row-cols-1 row-cols-lg-2 row-cols-xl-1\">\n                            <div class=\"col mb-4\">\n                    <p>Chaque semaine, des jeunes de la Mission locale de Rouen racontent la fa\u00e7on dont d'autres jeunes vivent leur \u00e2ge. Aujourd'hui, <strong>23 ans<\/strong>. \u00a0<\/p><h2><strong>Lilo\u00a0: \"En plein questionnement\" <\/strong>\u00a0<\/h2><p>\"Moi-m\u00eame c'est encore frustrant de me dire qu'avec mes difficult\u00e9s personnelles, je suis encore un peu bloqu\u00e9 l\u00e0, \u00e0 la Mission locale, \u00e0 23 ans. C'est un peu dur d'avoir le sentiment d'\u00eatre en retard.\"\u00a0<\/p><p>Lilo\u00a0Marin-Roda, 23 ans depuis le 6 d\u00e9cembre, vit \u00e0 Rouen avec son p\u00e8re. Dipl\u00f4m\u00e9e d'un BAC ES, elle a arr\u00eat\u00e9 les \u00e9tudes sup\u00e9rieures il y a 1 ans, \"je voulais aller en psycho, mais j'ai d\u00fb aller en socio, \u00e7a m'a beaucoup plu mais le rythme de travail \u00e9tait trop lourd pour moi.\" \u00a0<\/p><p>Arriv\u00e9e \u00e0 la Mission locale en octobre avec une id\u00e9e bien en t\u00eate : \"j'avais le projet de devenir \u00e9ducatrice sp\u00e9cialis\u00e9e, j'ai rejoint la Mission locale pour \u00eatre accompagn\u00e9e, finalement je ne sais plus, je suis un peu perdue, je suis toujours en r\u00e9flexion sur mon avenir professionnel.\" \u00a0<\/p><p>Ind\u00e9pendamment de son identit\u00e9 revendiqu\u00e9e de non-binaire (\"\u00e7a\u00a0c'est\u00a0class\u00e9\"),\u00a0Lilo\u00a0(pr\u00e9nom neutre) \u00e9voque \"un questionnement plus large sur la vie et tout \u00e7a, cette p\u00e9riode m'a remis la t\u00eate dans toutes ces questions-l\u00e0.\" \u00a0<\/p><h2><strong>Quelle maturit\u00e9 ?<\/strong>\u00a0<\/h2><p>Heureusement, il y a les amis \" certains sont perdus comme moi, d'autre ont trouv\u00e9 leur voie. En tout cas, avec eux je n'ai pas le sentiment d'\u00eatre en retard, parce qu'ils me valorisent comme je suis.\" \u00a0<\/p><p>Lilo\u00a0se sent adulte par intermittence. Adulte, oui, \"parce que je dois faire face \u00e0 des responsabilit\u00e9s\" Adulte, bof, \" parce que j'ai parfois le sentiment que je n'ai pas la m\u00eame maturit\u00e9 que ceux qui sont install\u00e9s dans une vraie vie d'adulte, entre guillemets.\"\u00a0\u00a0 \u00a0<\/p><p>Des moments \u00e0 partager avec un p\u00e8re bienveillant, \"mon p\u00e8re me soutient beaucoup dans les moments de doutes, il me guide quand c'est compliqu\u00e9, quand \u00e7a ne va pas.\" \u00a0<\/p><p>Pour autant la jeune personne n'a pas \"h\u00e2te de sortir de la jeunesse, il y a pleins de moments sympas, il faut profiter du moment pr\u00e9sent, c'est cool ! \" \u00a0<\/p><p>Propos recueillis par Oc\u00e9ane\u00a0Dugard\u00a0<\/p><p><em>Cet article a \u00e9t\u00e9 r\u00e9alis\u00e9 lors d\u2019un atelier d\u2019\u00e9criture de la Mission locale de Rouen, dans le cadre d\u2019un projet soutenu par la Drac Normandie et le Club de la presse et de la communication de Normandie<\/em><em>. Si vous souhaitez, vous aussi, participer en tant que r\u00e9dacteur ou t\u00e9moin, contactez-nous via le site internet de la Mission locale de Rouen. Les prochains rendez-vous :\u00a0 jeudi 30 mai, mercredi 12 juin de 13h45 \u00e0 16h00. <\/em>\u00a0<\/p>\n                <\/div>\n                    <\/div>\n    <\/div>\n\t\t<\/div>\n\t\t\t\t<\/div>\n\t\t\t\t\t<\/div>\n\t\t\t\t<\/div>\n\t\t\t\t<\/div>\n\t\t","protected":false},"excerpt":{"rendered":"<p>Chaque semaine, des jeunes de la Mission locale de Rouen racontent la fa\u00e7on dont d&#8217;autres jeunes vivent leur \u00e2ge. Aujourd&#8217;hui, 23 ans. \u00a0 Lilo\u00a0: &#8220;En plein questionnement&#8221; \u00a0 &#8220;Moi-m\u00eame c&#8217;est encore frustrant de me dire qu&#8217;avec mes difficult\u00e9s personnelles, je suis encore un peu bloqu\u00e9 l\u00e0, \u00e0 la Mission locale, \u00e0 23 ans. C&#8217;est un [&hellip;]<\/p>\n","protected":false},"author":30,"featured_media":461,"comment_status":"open","ping_status":"open","sticky":false,"template":"","format":"standard","meta":{"_acf_changed":false,"_crosspost_to_1":false,"_crosspost_to_2":false,"_crosspost_to_4":false,"_crosspost_to_5":false,"_crosspost_to_6":false,"_crosspost_to_7":false,"_crosspost_to_8":false,"_crosspost_to_11":false,"_crosspost_to_12":false,"_crosspost_to_13":false,"_crosspost_to_14":false,"_crosspost_to_15":false,"_crosspost_to_16":false,"inline_featured_image":false,"footnotes":""},"categories":[1],"tags":[],"acf":[],"yoast_head":"<!-- This site is optimized with the Yoast SEO plugin v21.9.1 - https:\/\/yoast.com\/wordpress\/plugins\/seo\/ -->\n<title>S\u00e9rie &quot;Sur leur nu-\u00e2ge&quot; 3\/8 - MISSION LOCALE DE L&#039;AGGLOMERATION ROUENNAISE<\/title>\n<meta name=\"robots\" content=\"index, follow, max-snippet:-1, max-image-preview:large, max-video-preview:-1\" \/>\n<link rel=\"canonical\" href=\"https:\/\/www.missionslocalesnormandie.fr\/mission-locale-agglomeration-rouennaise\/2024\/05\/31\/serie-sur-leur-nu-age-3-8\/\" \/>\n<meta property=\"og:locale\" content=\"fr_FR\" \/>\n<meta property=\"og:type\" content=\"article\" \/>\n<meta property=\"og:title\" content=\"S\u00e9rie &quot;Sur leur nu-\u00e2ge&quot; 3\/8 - MISSION LOCALE DE L&#039;AGGLOMERATION ROUENNAISE\" \/>\n<meta property=\"og:description\" content=\"Chaque semaine, des jeunes de la Mission locale de Rouen racontent la fa\u00e7on dont d&#8217;autres jeunes vivent leur \u00e2ge. Aujourd&#8217;hui, 23 ans. \u00a0 Lilo\u00a0: &#8220;En plein questionnement&#8221; \u00a0 &#8220;Moi-m\u00eame c&#8217;est encore frustrant de me dire qu&#8217;avec mes difficult\u00e9s personnelles, je suis encore un peu bloqu\u00e9 l\u00e0, \u00e0 la Mission locale, \u00e0 23 ans. C&#8217;est un [&hellip;]\" \/>\n<meta property=\"og:url\" content=\"https:\/\/www.missionslocalesnormandie.fr\/mission-locale-agglomeration-rouennaise\/2024\/05\/31\/serie-sur-leur-nu-age-3-8\/\" \/>\n<meta property=\"og:site_name\" content=\"MISSION LOCALE DE L&#039;AGGLOMERATION ROUENNAISE\" \/>\n<meta property=\"article:published_time\" content=\"2024-05-31T07:02:14+00:00\" \/>\n<meta property=\"article:modified_time\" content=\"2024-06-03T11:46:04+00:00\" \/>\n<meta property=\"og:image\" content=\"https:\/\/www.missionslocalesnormandie.fr\/content\/uploads\/sites\/3\/2024\/05\/Portrait-sur-leur-nu-age-18-1.jpg\" \/>\n\t<meta property=\"og:image:width\" content=\"940\" \/>\n\t<meta property=\"og:image:height\" content=\"788\" \/>\n\t<meta property=\"og:image:type\" content=\"image\/jpeg\" \/>\n<meta name=\"author\" content=\"cbesnard\" \/>\n<meta name=\"twitter:card\" content=\"summary_large_image\" \/>\n<meta name=\"twitter:label1\" content=\"\u00c9crit par\" \/>\n\t<meta name=\"twitter:data1\" content=\"cbesnard\" \/>\n\t<meta name=\"twitter:label2\" content=\"Dur\u00e9e de lecture estim\u00e9e\" \/>\n\t<meta name=\"twitter:data2\" content=\"3 minutes\" \/>\n<script type=\"application\/ld+json\" class=\"yoast-schema-graph\">{\"@context\":\"https:\/\/schema.org\",\"@graph\":[{\"@type\":\"WebPage\",\"@id\":\"https:\/\/www.missionslocalesnormandie.fr\/mission-locale-agglomeration-rouennaise\/2024\/05\/31\/serie-sur-leur-nu-age-3-8\/\",\"url\":\"https:\/\/www.missionslocalesnormandie.fr\/mission-locale-agglomeration-rouennaise\/2024\/05\/31\/serie-sur-leur-nu-age-3-8\/\",\"name\":\"S\u00e9rie \\\"Sur leur nu-\u00e2ge\\\" 3\/8 - MISSION LOCALE DE L'AGGLOMERATION ROUENNAISE\",\"isPartOf\":{\"@id\":\"https:\/\/www.missionslocalesnormandie.fr\/mission-locale-agglomeration-rouennaise\/#website\"},\"datePublished\":\"2024-05-31T07:02:14+00:00\",\"dateModified\":\"2024-06-03T11:46:04+00:00\",\"author\":{\"@id\":\"https:\/\/www.missionslocalesnormandie.fr\/mission-locale-agglomeration-rouennaise\/#\/schema\/person\/69d692bcabbcc7b16d72a336c6485c27\"},\"breadcrumb\":{\"@id\":\"https:\/\/www.missionslocalesnormandie.fr\/mission-locale-agglomeration-rouennaise\/2024\/05\/31\/serie-sur-leur-nu-age-3-8\/#breadcrumb\"},\"inLanguage\":\"fr-FR\",\"potentialAction\":[{\"@type\":\"ReadAction\",\"target\":[\"https:\/\/www.missionslocalesnormandie.fr\/mission-locale-agglomeration-rouennaise\/2024\/05\/31\/serie-sur-leur-nu-age-3-8\/\"]}]},{\"@type\":\"BreadcrumbList\",\"@id\":\"https:\/\/www.missionslocalesnormandie.fr\/mission-locale-agglomeration-rouennaise\/2024\/05\/31\/serie-sur-leur-nu-age-3-8\/#breadcrumb\",\"itemListElement\":[{\"@type\":\"ListItem\",\"position\":1,\"name\":\"Home\",\"item\":\"https:\/\/www.missionslocalesnormandie.fr\/mission-locale-agglomeration-rouennaise\/\"},{\"@type\":\"ListItem\",\"position\":2,\"name\":\"Actualit\u00e9s\",\"item\":\"https:\/\/www.missionslocalesnormandie.fr\/mission-locale-agglomeration-rouennaise\/actualites\/\"},{\"@type\":\"ListItem\",\"position\":3,\"name\":\"S\u00e9rie &#8220;Sur leur nu-\u00e2ge&#8221; 3\/8\"}]},{\"@type\":\"WebSite\",\"@id\":\"https:\/\/www.missionslocalesnormandie.fr\/mission-locale-agglomeration-rouennaise\/#website\",\"url\":\"https:\/\/www.missionslocalesnormandie.fr\/mission-locale-agglomeration-rouennaise\/\",\"name\":\"MISSION LOCALE DE L'AGGLOMERATION ROUENNAISE\",\"description\":\"\",\"potentialAction\":[{\"@type\":\"SearchAction\",\"target\":{\"@type\":\"EntryPoint\",\"urlTemplate\":\"https:\/\/www.missionslocalesnormandie.fr\/mission-locale-agglomeration-rouennaise\/?s={search_term_string}\"},\"query-input\":\"required name=search_term_string\"}],\"inLanguage\":\"fr-FR\"},{\"@type\":\"Person\",\"@id\":\"https:\/\/www.missionslocalesnormandie.fr\/mission-locale-agglomeration-rouennaise\/#\/schema\/person\/69d692bcabbcc7b16d72a336c6485c27\",\"name\":\"cbesnard\",\"image\":{\"@type\":\"ImageObject\",\"inLanguage\":\"fr-FR\",\"@id\":\"https:\/\/www.missionslocalesnormandie.fr\/mission-locale-agglomeration-rouennaise\/#\/schema\/person\/image\/\",\"url\":\"https:\/\/secure.gravatar.com\/avatar\/1eb2c9f8022168d616c8729d8b522b1c?s=96&d=mm&r=g\",\"contentUrl\":\"https:\/\/secure.gravatar.com\/avatar\/1eb2c9f8022168d616c8729d8b522b1c?s=96&d=mm&r=g\",\"caption\":\"cbesnard\"},\"url\":\"https:\/\/www.missionslocalesnormandie.fr\/mission-locale-agglomeration-rouennaise\/author\/cbesnard\/\"}]}<\/script>\n<!-- \/ Yoast SEO plugin. -->","yoast_head_json":{"title":"S\u00e9rie \"Sur leur nu-\u00e2ge\" 3\/8 - MISSION LOCALE DE L'AGGLOMERATION ROUENNAISE","robots":{"index":"index","follow":"follow","max-snippet":"max-snippet:-1","max-image-preview":"max-image-preview:large","max-video-preview":"max-video-preview:-1"},"canonical":"https:\/\/www.missionslocalesnormandie.fr\/mission-locale-agglomeration-rouennaise\/2024\/05\/31\/serie-sur-leur-nu-age-3-8\/","og_locale":"fr_FR","og_type":"article","og_title":"S\u00e9rie \"Sur leur nu-\u00e2ge\" 3\/8 - MISSION LOCALE DE L'AGGLOMERATION ROUENNAISE","og_description":"Chaque semaine, des jeunes de la Mission locale de Rouen racontent la fa\u00e7on dont d&#8217;autres jeunes vivent leur \u00e2ge. Aujourd&#8217;hui, 23 ans. \u00a0 Lilo\u00a0: &#8220;En plein questionnement&#8221; \u00a0 &#8220;Moi-m\u00eame c&#8217;est encore frustrant de me dire qu&#8217;avec mes difficult\u00e9s personnelles, je suis encore un peu bloqu\u00e9 l\u00e0, \u00e0 la Mission locale, \u00e0 23 ans. C&#8217;est un [&hellip;]","og_url":"https:\/\/www.missionslocalesnormandie.fr\/mission-locale-agglomeration-rouennaise\/2024\/05\/31\/serie-sur-leur-nu-age-3-8\/","og_site_name":"MISSION LOCALE DE L'AGGLOMERATION ROUENNAISE","article_published_time":"2024-05-31T07:02:14+00:00","article_modified_time":"2024-06-03T11:46:04+00:00","og_image":[{"width":940,"height":788,"url":"https:\/\/www.missionslocalesnormandie.fr\/content\/uploads\/sites\/3\/2024\/05\/Portrait-sur-leur-nu-age-18-1.jpg","type":"image\/jpeg"}],"author":"cbesnard","twitter_card":"summary_large_image","twitter_misc":{"\u00c9crit par":"cbesnard","Dur\u00e9e de lecture estim\u00e9e":"3 minutes"},"schema":{"@context":"https:\/\/schema.org","@graph":[{"@type":"WebPage","@id":"https:\/\/www.missionslocalesnormandie.fr\/mission-locale-agglomeration-rouennaise\/2024\/05\/31\/serie-sur-leur-nu-age-3-8\/","url":"https:\/\/www.missionslocalesnormandie.fr\/mission-locale-agglomeration-rouennaise\/2024\/05\/31\/serie-sur-leur-nu-age-3-8\/","name":"S\u00e9rie \"Sur leur nu-\u00e2ge\" 3\/8 - MISSION LOCALE DE L'AGGLOMERATION ROUENNAISE","isPartOf":{"@id":"https:\/\/www.missionslocalesnormandie.fr\/mission-locale-agglomeration-rouennaise\/#website"},"datePublished":"2024-05-31T07:02:14+00:00","dateModified":"2024-06-03T11:46:04+00:00","author":{"@id":"https:\/\/www.missionslocalesnormandie.fr\/mission-locale-agglomeration-rouennaise\/#\/schema\/person\/69d692bcabbcc7b16d72a336c6485c27"},"breadcrumb":{"@id":"https:\/\/www.missionslocalesnormandie.fr\/mission-locale-agglomeration-rouennaise\/2024\/05\/31\/serie-sur-leur-nu-age-3-8\/#breadcrumb"},"inLanguage":"fr-FR","potentialAction":[{"@type":"ReadAction","target":["https:\/\/www.missionslocalesnormandie.fr\/mission-locale-agglomeration-rouennaise\/2024\/05\/31\/serie-sur-leur-nu-age-3-8\/"]}]},{"@type":"BreadcrumbList","@id":"https:\/\/www.missionslocalesnormandie.fr\/mission-locale-agglomeration-rouennaise\/2024\/05\/31\/serie-sur-leur-nu-age-3-8\/#breadcrumb","itemListElement":[{"@type":"ListItem","position":1,"name":"Home","item":"https:\/\/www.missionslocalesnormandie.fr\/mission-locale-agglomeration-rouennaise\/"},{"@type":"ListItem","position":2,"name":"Actualit\u00e9s","item":"https:\/\/www.missionslocalesnormandie.fr\/mission-locale-agglomeration-rouennaise\/actualites\/"},{"@type":"ListItem","position":3,"name":"S\u00e9rie &#8220;Sur leur nu-\u00e2ge&#8221; 3\/8"}]},{"@type":"WebSite","@id":"https:\/\/www.missionslocalesnormandie.fr\/mission-locale-agglomeration-rouennaise\/#website","url":"https:\/\/www.missionslocalesnormandie.fr\/mission-locale-agglomeration-rouennaise\/","name":"MISSION LOCALE DE L'AGGLOMERATION ROUENNAISE","description":"","potentialAction":[{"@type":"SearchAction","target":{"@type":"EntryPoint","urlTemplate":"https:\/\/www.missionslocalesnormandie.fr\/mission-locale-agglomeration-rouennaise\/?s={search_term_string}"},"query-input":"required name=search_term_string"}],"inLanguage":"fr-FR"},{"@type":"Person","@id":"https:\/\/www.missionslocalesnormandie.fr\/mission-locale-agglomeration-rouennaise\/#\/schema\/person\/69d692bcabbcc7b16d72a336c6485c27","name":"cbesnard","image":{"@type":"ImageObject","inLanguage":"fr-FR","@id":"https:\/\/www.missionslocalesnormandie.fr\/mission-locale-agglomeration-rouennaise\/#\/schema\/person\/image\/","url":"https:\/\/secure.gravatar.com\/avatar\/1eb2c9f8022168d616c8729d8b522b1c?s=96&d=mm&r=g","contentUrl":"https:\/\/secure.gravatar.com\/avatar\/1eb2c9f8022168d616c8729d8b522b1c?s=96&d=mm&r=g","caption":"cbesnard"},"url":"https:\/\/www.missionslocalesnormandie.fr\/mission-locale-agglomeration-rouennaise\/author\/cbesnard\/"}]}},"_links":{"self":[{"href":"https:\/\/www.missionslocalesnormandie.fr\/mission-locale-agglomeration-rouennaise\/wp-json\/wp\/v2\/posts\/460"}],"collection":[{"href":"https:\/\/www.missionslocalesnormandie.fr\/mission-locale-agglomeration-rouennaise\/wp-json\/wp\/v2\/posts"}],"about":[{"href":"https:\/\/www.missionslocalesnormandie.fr\/mission-locale-agglomeration-rouennaise\/wp-json\/wp\/v2\/types\/post"}],"author":[{"embeddable":true,"href":"https:\/\/www.missionslocalesnormandie.fr\/mission-locale-agglomeration-rouennaise\/wp-json\/wp\/v2\/users\/30"}],"replies":[{"embeddable":true,"href":"https:\/\/www.missionslocalesnormandie.fr\/mission-locale-agglomeration-rouennaise\/wp-json\/wp\/v2\/comments?post=460"}],"version-history":[{"count":8,"href":"https:\/\/www.missionslocalesnormandie.fr\/mission-locale-agglomeration-rouennaise\/wp-json\/wp\/v2\/posts\/460\/revisions"}],"predecessor-version":[{"id":470,"href":"https:\/\/www.missionslocalesnormandie.fr\/mission-locale-agglomeration-rouennaise\/wp-json\/wp\/v2\/posts\/460\/revisions\/470"}],"wp:featuredmedia":[{"embeddable":true,"href":"https:\/\/www.missionslocalesnormandie.fr\/mission-locale-agglomeration-rouennaise\/wp-json\/wp\/v2\/media\/461"}],"wp:attachment":[{"href":"https:\/\/www.missionslocalesnormandie.fr\/mission-locale-agglomeration-rouennaise\/wp-json\/wp\/v2\/media?parent=460"}],"wp:term":[{"taxonomy":"category","embeddable":true,"href":"https:\/\/www.missionslocalesnormandie.fr\/mission-locale-agglomeration-rouennaise\/wp-json\/wp\/v2\/categories?post=460"},{"taxonomy":"post_tag","embeddable":true,"href":"https:\/\/www.missionslocalesnormandie.fr\/mission-locale-agglomeration-rouennaise\/wp-json\/wp\/v2\/tags?post=460"}],"curies":[{"name":"wp","href":"https:\/\/api.w.org\/{rel}","templated":true}]}}