{"id":1464,"date":"2024-06-12T14:17:26","date_gmt":"2024-06-12T12:17:26","guid":{"rendered":"https:\/\/www.missionslocalesnormandie.fr\/mission-locale-louviers-valdereuil-andelle\/?p=1464"},"modified":"2026-01-05T14:41:12","modified_gmt":"2026-01-05T13:41:12","slug":"le-fonds-de-transition-juste","status":"publish","type":"post","link":"https:\/\/www.missionslocalesnormandie.fr\/mission-locale-louviers-valdereuil-andelle\/2024\/06\/12\/le-fonds-de-transition-juste\/","title":{"rendered":"Le Fonds de Transition Juste"},"content":{"rendered":"\t\t<div data-elementor-type=\"wp-post\" data-elementor-id=\"1464\" class=\"elementor elementor-1464\">\n\t\t\t\t<div class=\"elementor-element elementor-element-76f46fcf e-flex e-con-boxed e-con e-parent\" data-id=\"76f46fcf\" data-element_type=\"container\">\n\t\t\t\t\t<div class=\"e-con-inner\">\n\t\t\t\t<div class=\"elementor-element elementor-element-79466cf9 elementor-widget elementor-widget-text-editor\" data-id=\"79466cf9\" data-element_type=\"widget\" data-widget_type=\"text-editor.default\">\n\t\t\t\t<div class=\"elementor-widget-container\">\n\t\t\t\t\t\t\t<p><img fetchpriority=\"high\" decoding=\"async\" class=\"alignnone size-medium wp-image-1466\" src=\"https:\/\/www.missionslocalesnormandie.fr\/content\/uploads\/sites\/12\/2024\/06\/logoftjetlogoeurope-300x300.png\" alt=\"\" width=\"300\" height=\"300\" srcset=\"https:\/\/www.missionslocalesnormandie.fr\/content\/uploads\/sites\/12\/2024\/06\/logoftjetlogoeurope-300x300.png 300w, https:\/\/www.missionslocalesnormandie.fr\/content\/uploads\/sites\/12\/2024\/06\/logoftjetlogoeurope-1024x1024.png 1024w, https:\/\/www.missionslocalesnormandie.fr\/content\/uploads\/sites\/12\/2024\/06\/logoftjetlogoeurope-150x150.png 150w, https:\/\/www.missionslocalesnormandie.fr\/content\/uploads\/sites\/12\/2024\/06\/logoftjetlogoeurope-768x768.png 768w, https:\/\/www.missionslocalesnormandie.fr\/content\/uploads\/sites\/12\/2024\/06\/logoftjetlogoeurope.png 1080w\" sizes=\"(max-width: 300px) 100vw, 300px\" \/><\/p><p>La Mission Locale Louviers-Val de Reuil-Andelle s\u2019engage dans la d\u00e9marche de transition en portant un projet FSE-FTJ financ\u00e9 par l&#8217;Union Europ\u00e9enne, visant \u00e0 accompagner des jeunes vers l&#8217;emploi et la formation, en tenant compte des nouveaux enjeux de cette transition dans le monde professionnel et des \u00e9volutions des m\u00e9tiers et comp\u00e9tences en rapport.<\/p><p>Dans le contexte actuel de crise climatique et environnementale, de nombreux m\u00e9tiers li\u00e9s \u00e0 la transition \u00e9cologique ont d\u00e9j\u00e0 \u00e9merg\u00e9 et vont continuer \u00e0 s\u2019adapter aux exigences de celle-ci.<\/p><p>Cette action permet de mobiliser des fonds Europ\u00e9ens pour accompagner les demandeurs d\u2019emploi des territoires Axe Seine dans leur recherche ou projet d\u2019emploi vers les secteurs verts. Les secteurs identifi\u00e9s sont les suivants : Chimie verte, \u00c9conomie circulaire, \u00c9nergies renouvelables, Le B\u00e2timent (r\u00e9novation \u00e9nerg\u00e9tique), Valorisation des d\u00e9chets.<\/p><p>La Mission Locale propose une d\u00e9marche innovante en utilisant la vid\u00e9o pour impliquer les jeunes dans des actions collectives en vue de les aider \u00e0 s&#8217;orienter, d\u00e9couvrir, se former ou obtenir une premi\u00e8re exp\u00e9rience dans ces m\u00e9tiers. Wilfried, vous pr\u00e9sente ce projet : <a href=\"https:\/\/youtu.be\/ZjmTMklj6EM\">https:\/\/www.youtube.com\/watch?v=ZjmTMklj6EM&amp;list=PLPTHJSlDW1WQe3xfXJ7qgAmC0hvpyVjV2&amp;index=1\u00a0<\/a><\/p>\t\t\t\t\t\t<\/div>\n\t\t\t\t<\/div>\n\t\t\t\t\t<\/div>\n\t\t\t\t<\/div>\n\t\t\t\t<\/div>\n\t\t","protected":false},"excerpt":{"rendered":"<p>La Mission Locale Louviers-Val de Reuil-Andelle s\u2019engage dans la d\u00e9marche de transition en portant un projet FSE-FTJ financ\u00e9 par l&#8217;Union Europ\u00e9enne, visant \u00e0 accompagner des jeunes vers l&#8217;emploi et la formation, en tenant compte des nouveaux enjeux de cette transition dans le monde professionnel et des \u00e9volutions des m\u00e9tiers et comp\u00e9tences en rapport. Dans le [&hellip;]<\/p>\n","protected":false},"author":17,"featured_media":1466,"comment_status":"open","ping_status":"open","sticky":false,"template":"","format":"standard","meta":{"_acf_changed":false,"_crosspost_to_1":false,"_crosspost_to_2":false,"_crosspost_to_3":false,"_crosspost_to_4":false,"_crosspost_to_5":false,"_crosspost_to_6":false,"_crosspost_to_7":false,"_crosspost_to_8":false,"_crosspost_to_11":false,"_crosspost_to_13":false,"_crosspost_to_14":false,"_crosspost_to_15":false,"_crosspost_to_16":false,"inline_featured_image":false,"footnotes":""},"categories":[6,7,8],"tags":[],"acf":[],"yoast_head":"<!-- This site is optimized with the Yoast SEO plugin v21.9.1 - https:\/\/yoast.com\/wordpress\/plugins\/seo\/ -->\n<title>Le Fonds de Transition Juste - MISSION LOCALE LOUVIERS-VAL DE REUIL-ANDELLE<\/title>\n<meta name=\"robots\" content=\"index, follow, max-snippet:-1, max-image-preview:large, max-video-preview:-1\" \/>\n<link rel=\"canonical\" href=\"https:\/\/www.missionslocalesnormandie.fr\/mission-locale-louviers-valdereuil-andelle\/2024\/06\/12\/le-fonds-de-transition-juste\/\" \/>\n<meta property=\"og:locale\" content=\"fr_FR\" \/>\n<meta property=\"og:type\" content=\"article\" \/>\n<meta property=\"og:title\" content=\"Le Fonds de Transition Juste - MISSION LOCALE LOUVIERS-VAL DE REUIL-ANDELLE\" \/>\n<meta property=\"og:description\" content=\"La Mission Locale Louviers-Val de Reuil-Andelle s\u2019engage dans la d\u00e9marche de transition en portant un projet FSE-FTJ financ\u00e9 par l&#8217;Union Europ\u00e9enne, visant \u00e0 accompagner des jeunes vers l&#8217;emploi et la formation, en tenant compte des nouveaux enjeux de cette transition dans le monde professionnel et des \u00e9volutions des m\u00e9tiers et comp\u00e9tences en rapport. Dans le [&hellip;]\" \/>\n<meta property=\"og:url\" content=\"https:\/\/www.missionslocalesnormandie.fr\/mission-locale-louviers-valdereuil-andelle\/2024\/06\/12\/le-fonds-de-transition-juste\/\" \/>\n<meta property=\"og:site_name\" content=\"MISSION LOCALE LOUVIERS-VAL DE REUIL-ANDELLE\" \/>\n<meta property=\"article:published_time\" content=\"2024-06-12T12:17:26+00:00\" \/>\n<meta property=\"article:modified_time\" content=\"2026-01-05T13:41:12+00:00\" \/>\n<meta property=\"og:image\" content=\"https:\/\/www.missionslocalesnormandie.fr\/content\/uploads\/sites\/12\/2024\/06\/logoftjetlogoeurope.png\" \/>\n\t<meta property=\"og:image:width\" content=\"1080\" \/>\n\t<meta property=\"og:image:height\" content=\"1080\" \/>\n\t<meta property=\"og:image:type\" content=\"image\/png\" \/>\n<meta name=\"author\" content=\"jlefrancois\" \/>\n<meta name=\"twitter:card\" content=\"summary_large_image\" \/>\n<meta name=\"twitter:label1\" content=\"\u00c9crit par\" \/>\n\t<meta name=\"twitter:data1\" content=\"jlefrancois\" \/>\n\t<meta name=\"twitter:label2\" content=\"Dur\u00e9e de lecture estim\u00e9e\" \/>\n\t<meta name=\"twitter:data2\" content=\"2 minutes\" \/>\n<script type=\"application\/ld+json\" class=\"yoast-schema-graph\">{\"@context\":\"https:\/\/schema.org\",\"@graph\":[{\"@type\":\"WebPage\",\"@id\":\"https:\/\/www.missionslocalesnormandie.fr\/mission-locale-louviers-valdereuil-andelle\/2024\/06\/12\/le-fonds-de-transition-juste\/\",\"url\":\"https:\/\/www.missionslocalesnormandie.fr\/mission-locale-louviers-valdereuil-andelle\/2024\/06\/12\/le-fonds-de-transition-juste\/\",\"name\":\"Le Fonds de Transition Juste - MISSION LOCALE LOUVIERS-VAL DE REUIL-ANDELLE\",\"isPartOf\":{\"@id\":\"https:\/\/www.missionslocalesnormandie.fr\/mission-locale-louviers-valdereuil-andelle\/#website\"},\"datePublished\":\"2024-06-12T12:17:26+00:00\",\"dateModified\":\"2026-01-05T13:41:12+00:00\",\"author\":{\"@id\":\"https:\/\/www.missionslocalesnormandie.fr\/mission-locale-louviers-valdereuil-andelle\/#\/schema\/person\/2c117bd21faa9ab941802970f971e9a1\"},\"breadcrumb\":{\"@id\":\"https:\/\/www.missionslocalesnormandie.fr\/mission-locale-louviers-valdereuil-andelle\/2024\/06\/12\/le-fonds-de-transition-juste\/#breadcrumb\"},\"inLanguage\":\"fr-FR\",\"potentialAction\":[{\"@type\":\"ReadAction\",\"target\":[\"https:\/\/www.missionslocalesnormandie.fr\/mission-locale-louviers-valdereuil-andelle\/2024\/06\/12\/le-fonds-de-transition-juste\/\"]}]},{\"@type\":\"BreadcrumbList\",\"@id\":\"https:\/\/www.missionslocalesnormandie.fr\/mission-locale-louviers-valdereuil-andelle\/2024\/06\/12\/le-fonds-de-transition-juste\/#breadcrumb\",\"itemListElement\":[{\"@type\":\"ListItem\",\"position\":1,\"name\":\"Home\",\"item\":\"https:\/\/www.missionslocalesnormandie.fr\/mission-locale-louviers-valdereuil-andelle\/\"},{\"@type\":\"ListItem\",\"position\":2,\"name\":\"Actualit\u00e9s\",\"item\":\"https:\/\/www.missionslocalesnormandie.fr\/mission-locale-louviers-valdereuil-andelle\/actualites\/\"},{\"@type\":\"ListItem\",\"position\":3,\"name\":\"Le Fonds de Transition Juste\"}]},{\"@type\":\"WebSite\",\"@id\":\"https:\/\/www.missionslocalesnormandie.fr\/mission-locale-louviers-valdereuil-andelle\/#website\",\"url\":\"https:\/\/www.missionslocalesnormandie.fr\/mission-locale-louviers-valdereuil-andelle\/\",\"name\":\"MISSION LOCALE LOUVIERS-VAL DE REUIL-ANDELLE\",\"description\":\"\",\"potentialAction\":[{\"@type\":\"SearchAction\",\"target\":{\"@type\":\"EntryPoint\",\"urlTemplate\":\"https:\/\/www.missionslocalesnormandie.fr\/mission-locale-louviers-valdereuil-andelle\/?s={search_term_string}\"},\"query-input\":\"required name=search_term_string\"}],\"inLanguage\":\"fr-FR\"},{\"@type\":\"Person\",\"@id\":\"https:\/\/www.missionslocalesnormandie.fr\/mission-locale-louviers-valdereuil-andelle\/#\/schema\/person\/2c117bd21faa9ab941802970f971e9a1\",\"name\":\"jlefrancois\",\"image\":{\"@type\":\"ImageObject\",\"inLanguage\":\"fr-FR\",\"@id\":\"https:\/\/www.missionslocalesnormandie.fr\/mission-locale-louviers-valdereuil-andelle\/#\/schema\/person\/image\/\",\"url\":\"https:\/\/secure.gravatar.com\/avatar\/585819a91e98c25c6a2561497a612d6d?s=96&d=mm&r=g\",\"contentUrl\":\"https:\/\/secure.gravatar.com\/avatar\/585819a91e98c25c6a2561497a612d6d?s=96&d=mm&r=g\",\"caption\":\"jlefrancois\"},\"url\":\"https:\/\/www.missionslocalesnormandie.fr\/mission-locale-louviers-valdereuil-andelle\/author\/jlefrancois\/\"}]}<\/script>\n<!-- \/ Yoast SEO plugin. -->","yoast_head_json":{"title":"Le Fonds de Transition Juste - MISSION LOCALE LOUVIERS-VAL DE REUIL-ANDELLE","robots":{"index":"index","follow":"follow","max-snippet":"max-snippet:-1","max-image-preview":"max-image-preview:large","max-video-preview":"max-video-preview:-1"},"canonical":"https:\/\/www.missionslocalesnormandie.fr\/mission-locale-louviers-valdereuil-andelle\/2024\/06\/12\/le-fonds-de-transition-juste\/","og_locale":"fr_FR","og_type":"article","og_title":"Le Fonds de Transition Juste - MISSION LOCALE LOUVIERS-VAL DE REUIL-ANDELLE","og_description":"La Mission Locale Louviers-Val de Reuil-Andelle s\u2019engage dans la d\u00e9marche de transition en portant un projet FSE-FTJ financ\u00e9 par l&#8217;Union Europ\u00e9enne, visant \u00e0 accompagner des jeunes vers l&#8217;emploi et la formation, en tenant compte des nouveaux enjeux de cette transition dans le monde professionnel et des \u00e9volutions des m\u00e9tiers et comp\u00e9tences en rapport. Dans le [&hellip;]","og_url":"https:\/\/www.missionslocalesnormandie.fr\/mission-locale-louviers-valdereuil-andelle\/2024\/06\/12\/le-fonds-de-transition-juste\/","og_site_name":"MISSION LOCALE LOUVIERS-VAL DE REUIL-ANDELLE","article_published_time":"2024-06-12T12:17:26+00:00","article_modified_time":"2026-01-05T13:41:12+00:00","og_image":[{"width":1080,"height":1080,"url":"https:\/\/www.missionslocalesnormandie.fr\/content\/uploads\/sites\/12\/2024\/06\/logoftjetlogoeurope.png","type":"image\/png"}],"author":"jlefrancois","twitter_card":"summary_large_image","twitter_misc":{"\u00c9crit par":"jlefrancois","Dur\u00e9e de lecture estim\u00e9e":"2 minutes"},"schema":{"@context":"https:\/\/schema.org","@graph":[{"@type":"WebPage","@id":"https:\/\/www.missionslocalesnormandie.fr\/mission-locale-louviers-valdereuil-andelle\/2024\/06\/12\/le-fonds-de-transition-juste\/","url":"https:\/\/www.missionslocalesnormandie.fr\/mission-locale-louviers-valdereuil-andelle\/2024\/06\/12\/le-fonds-de-transition-juste\/","name":"Le Fonds de Transition Juste - MISSION LOCALE LOUVIERS-VAL DE REUIL-ANDELLE","isPartOf":{"@id":"https:\/\/www.missionslocalesnormandie.fr\/mission-locale-louviers-valdereuil-andelle\/#website"},"datePublished":"2024-06-12T12:17:26+00:00","dateModified":"2026-01-05T13:41:12+00:00","author":{"@id":"https:\/\/www.missionslocalesnormandie.fr\/mission-locale-louviers-valdereuil-andelle\/#\/schema\/person\/2c117bd21faa9ab941802970f971e9a1"},"breadcrumb":{"@id":"https:\/\/www.missionslocalesnormandie.fr\/mission-locale-louviers-valdereuil-andelle\/2024\/06\/12\/le-fonds-de-transition-juste\/#breadcrumb"},"inLanguage":"fr-FR","potentialAction":[{"@type":"ReadAction","target":["https:\/\/www.missionslocalesnormandie.fr\/mission-locale-louviers-valdereuil-andelle\/2024\/06\/12\/le-fonds-de-transition-juste\/"]}]},{"@type":"BreadcrumbList","@id":"https:\/\/www.missionslocalesnormandie.fr\/mission-locale-louviers-valdereuil-andelle\/2024\/06\/12\/le-fonds-de-transition-juste\/#breadcrumb","itemListElement":[{"@type":"ListItem","position":1,"name":"Home","item":"https:\/\/www.missionslocalesnormandie.fr\/mission-locale-louviers-valdereuil-andelle\/"},{"@type":"ListItem","position":2,"name":"Actualit\u00e9s","item":"https:\/\/www.missionslocalesnormandie.fr\/mission-locale-louviers-valdereuil-andelle\/actualites\/"},{"@type":"ListItem","position":3,"name":"Le Fonds de Transition Juste"}]},{"@type":"WebSite","@id":"https:\/\/www.missionslocalesnormandie.fr\/mission-locale-louviers-valdereuil-andelle\/#website","url":"https:\/\/www.missionslocalesnormandie.fr\/mission-locale-louviers-valdereuil-andelle\/","name":"MISSION LOCALE LOUVIERS-VAL DE REUIL-ANDELLE","description":"","potentialAction":[{"@type":"SearchAction","target":{"@type":"EntryPoint","urlTemplate":"https:\/\/www.missionslocalesnormandie.fr\/mission-locale-louviers-valdereuil-andelle\/?s={search_term_string}"},"query-input":"required name=search_term_string"}],"inLanguage":"fr-FR"},{"@type":"Person","@id":"https:\/\/www.missionslocalesnormandie.fr\/mission-locale-louviers-valdereuil-andelle\/#\/schema\/person\/2c117bd21faa9ab941802970f971e9a1","name":"jlefrancois","image":{"@type":"ImageObject","inLanguage":"fr-FR","@id":"https:\/\/www.missionslocalesnormandie.fr\/mission-locale-louviers-valdereuil-andelle\/#\/schema\/person\/image\/","url":"https:\/\/secure.gravatar.com\/avatar\/585819a91e98c25c6a2561497a612d6d?s=96&d=mm&r=g","contentUrl":"https:\/\/secure.gravatar.com\/avatar\/585819a91e98c25c6a2561497a612d6d?s=96&d=mm&r=g","caption":"jlefrancois"},"url":"https:\/\/www.missionslocalesnormandie.fr\/mission-locale-louviers-valdereuil-andelle\/author\/jlefrancois\/"}]}},"_links":{"self":[{"href":"https:\/\/www.missionslocalesnormandie.fr\/mission-locale-louviers-valdereuil-andelle\/wp-json\/wp\/v2\/posts\/1464"}],"collection":[{"href":"https:\/\/www.missionslocalesnormandie.fr\/mission-locale-louviers-valdereuil-andelle\/wp-json\/wp\/v2\/posts"}],"about":[{"href":"https:\/\/www.missionslocalesnormandie.fr\/mission-locale-louviers-valdereuil-andelle\/wp-json\/wp\/v2\/types\/post"}],"author":[{"embeddable":true,"href":"https:\/\/www.missionslocalesnormandie.fr\/mission-locale-louviers-valdereuil-andelle\/wp-json\/wp\/v2\/users\/17"}],"replies":[{"embeddable":true,"href":"https:\/\/www.missionslocalesnormandie.fr\/mission-locale-louviers-valdereuil-andelle\/wp-json\/wp\/v2\/comments?post=1464"}],"version-history":[{"count":7,"href":"https:\/\/www.missionslocalesnormandie.fr\/mission-locale-louviers-valdereuil-andelle\/wp-json\/wp\/v2\/posts\/1464\/revisions"}],"predecessor-version":[{"id":1754,"href":"https:\/\/www.missionslocalesnormandie.fr\/mission-locale-louviers-valdereuil-andelle\/wp-json\/wp\/v2\/posts\/1464\/revisions\/1754"}],"wp:featuredmedia":[{"embeddable":true,"href":"https:\/\/www.missionslocalesnormandie.fr\/mission-locale-louviers-valdereuil-andelle\/wp-json\/wp\/v2\/media\/1466"}],"wp:attachment":[{"href":"https:\/\/www.missionslocalesnormandie.fr\/mission-locale-louviers-valdereuil-andelle\/wp-json\/wp\/v2\/media?parent=1464"}],"wp:term":[{"taxonomy":"category","embeddable":true,"href":"https:\/\/www.missionslocalesnormandie.fr\/mission-locale-louviers-valdereuil-andelle\/wp-json\/wp\/v2\/categories?post=1464"},{"taxonomy":"post_tag","embeddable":true,"href":"https:\/\/www.missionslocalesnormandie.fr\/mission-locale-louviers-valdereuil-andelle\/wp-json\/wp\/v2\/tags?post=1464"}],"curies":[{"name":"wp","href":"https:\/\/api.w.org\/{rel}","templated":true}]}}