{"id":1590,"date":"2025-04-03T16:37:48","date_gmt":"2025-04-03T14:37:48","guid":{"rendered":"https:\/\/www.missionslocalesnormandie.fr\/mission-locale-louviers-valdereuil-andelle\/?p=1590"},"modified":"2026-01-05T14:39:54","modified_gmt":"2026-01-05T13:39:54","slug":"cap-orientaction","status":"publish","type":"post","link":"https:\/\/www.missionslocalesnormandie.fr\/mission-locale-louviers-valdereuil-andelle\/2025\/04\/03\/cap-orientaction\/","title":{"rendered":"CAP ORIENT&#8217;ACTION"},"content":{"rendered":"\t\t<div data-elementor-type=\"wp-post\" data-elementor-id=\"1590\" class=\"elementor elementor-1590\">\n\t\t\t\t<div class=\"elementor-element elementor-element-6b0919d0 e-flex e-con-boxed e-con e-parent\" data-id=\"6b0919d0\" data-element_type=\"container\">\n\t\t\t\t\t<div class=\"e-con-inner\">\n\t\t\t\t<div class=\"elementor-element elementor-element-722c5a71 elementor-widget elementor-widget-text-editor\" data-id=\"722c5a71\" data-element_type=\"widget\" data-widget_type=\"text-editor.default\">\n\t\t\t\t<div class=\"elementor-widget-container\">\n\t\t\t\t\t\t\t<p><img fetchpriority=\"high\" decoding=\"async\" class=\"alignnone size-medium wp-image-1591\" src=\"https:\/\/www.missionslocalesnormandie.fr\/content\/uploads\/sites\/12\/2025\/04\/logocaporientation-300x300.png\" alt=\"\" width=\"300\" height=\"300\" srcset=\"https:\/\/www.missionslocalesnormandie.fr\/content\/uploads\/sites\/12\/2025\/04\/logocaporientation-300x300.png 300w, https:\/\/www.missionslocalesnormandie.fr\/content\/uploads\/sites\/12\/2025\/04\/logocaporientation-1024x1024.png 1024w, https:\/\/www.missionslocalesnormandie.fr\/content\/uploads\/sites\/12\/2025\/04\/logocaporientation-150x150.png 150w, https:\/\/www.missionslocalesnormandie.fr\/content\/uploads\/sites\/12\/2025\/04\/logocaporientation-768x768.png 768w, https:\/\/www.missionslocalesnormandie.fr\/content\/uploads\/sites\/12\/2025\/04\/logocaporientation.png 1080w\" sizes=\"(max-width: 300px) 100vw, 300px\" \/><\/p><p>Ce projet, co financ\u00e9 par la R\u00e9gion Normandie et le Fonds Social Europ\u00e9en, est une nouvelle offre de service de la ML destin\u00e9e \u00e0 \u00e9laborer un parcours d&#8217;orientation professionnelle pouvant d\u00e9boucher sur une entr\u00e9e en formation. Il est pens\u00e9 comme une \u00e9tape venant soutenir le parcours d\u2019insertion professionnelle des jeunes concern\u00e9s. Ce projet a d\u00e9marr\u00e9 au 1er juillet 2024, prendra fin au 31 d\u00e9cembre 2025 et devra concerner 80 jeunes.<\/p><p>Les activit\u00e9s et ateliers propos\u00e9s doivent mobiliser les jeunes en les mettant en action, sur un temps ramass\u00e9, pour apprendre, \u00e9changer, partager de l&#8217;information et faire des choix \u00e9clair\u00e9s et r\u00e9fl\u00e9chis sur la probl\u00e9matique commune de l&#8217;orientation professionnelle. Ce projet vient aider les jeunes \u00e0 penser la r\u00e9alit\u00e9 et la faisabilit\u00e9 de leurs souhaits, envies, r\u00eaves, et favoriser, \u00e0 la suite, leur entr\u00e9e en formation, voire en emploi, lorsqu&#8217;ils ont d\u00e9j\u00e0 d\u00e9grossi les opportunit\u00e9s et les contraintes li\u00e9es \u00e0 ce type de projet. Nous souhaitons que ce projet fonctionne comme un SAS pr\u00e9paratoire aux formations propos\u00e9es sur le territoire (Savoirs essentiels, #Avenir&#8230;), quelque soit le statut et le niveau vis\u00e9 par la formation, afin de limiter les ruptures et abandons li\u00e9s aux impr\u00e9parations, \u00e0 leur inexp\u00e9rience, voire \u00e0 leur immaturit\u00e9. Ce temps doit \u00eatre court, collectif (pour favoriser les \u00e9changes et le partage des informations), suffisamment dense et portant sur des \u00e9l\u00e9ments tr\u00e8s factuels. Il s&#8217;agit de faire progresser les r\u00e9flexions des jeunes toujours en lien avec les possibles et le r\u00e9el de leur situation personnelle et professionnelle, du march\u00e9 de la formation et de l&#8217;emploi.<\/p>\t\t\t\t\t\t<\/div>\n\t\t\t\t<\/div>\n\t\t\t\t\t<\/div>\n\t\t\t\t<\/div>\n\t\t\t\t<\/div>\n\t\t","protected":false},"excerpt":{"rendered":"<p>Ce projet, co financ\u00e9 par la R\u00e9gion Normandie et le Fonds Social Europ\u00e9en, est une nouvelle offre de service de la ML destin\u00e9e \u00e0 \u00e9laborer un parcours d&#8217;orientation professionnelle pouvant d\u00e9boucher sur une entr\u00e9e en formation. Il est pens\u00e9 comme une \u00e9tape venant soutenir le parcours d\u2019insertion professionnelle des jeunes concern\u00e9s. Ce projet a d\u00e9marr\u00e9 [&hellip;]<\/p>\n","protected":false},"author":17,"featured_media":1591,"comment_status":"closed","ping_status":"closed","sticky":false,"template":"","format":"standard","meta":{"_acf_changed":false,"_crosspost_to_1":false,"_crosspost_to_2":false,"_crosspost_to_3":false,"_crosspost_to_4":false,"_crosspost_to_5":false,"_crosspost_to_6":false,"_crosspost_to_7":false,"_crosspost_to_8":false,"_crosspost_to_11":false,"_crosspost_to_13":false,"_crosspost_to_14":false,"_crosspost_to_15":false,"_crosspost_to_16":false,"inline_featured_image":false,"footnotes":""},"categories":[7,8],"tags":[],"acf":[],"yoast_head":"<!-- This site is optimized with the Yoast SEO plugin v21.9.1 - https:\/\/yoast.com\/wordpress\/plugins\/seo\/ -->\n<title>CAP ORIENT&#039;ACTION - MISSION LOCALE LOUVIERS-VAL DE REUIL-ANDELLE<\/title>\n<meta name=\"robots\" content=\"index, follow, max-snippet:-1, max-image-preview:large, max-video-preview:-1\" \/>\n<link rel=\"canonical\" href=\"https:\/\/www.missionslocalesnormandie.fr\/mission-locale-louviers-valdereuil-andelle\/2025\/04\/03\/cap-orientaction\/\" \/>\n<meta property=\"og:locale\" content=\"fr_FR\" \/>\n<meta property=\"og:type\" content=\"article\" \/>\n<meta property=\"og:title\" content=\"CAP ORIENT&#039;ACTION - MISSION LOCALE LOUVIERS-VAL DE REUIL-ANDELLE\" \/>\n<meta property=\"og:description\" content=\"Ce projet, co financ\u00e9 par la R\u00e9gion Normandie et le Fonds Social Europ\u00e9en, est une nouvelle offre de service de la ML destin\u00e9e \u00e0 \u00e9laborer un parcours d&#8217;orientation professionnelle pouvant d\u00e9boucher sur une entr\u00e9e en formation. Il est pens\u00e9 comme une \u00e9tape venant soutenir le parcours d\u2019insertion professionnelle des jeunes concern\u00e9s. Ce projet a d\u00e9marr\u00e9 [&hellip;]\" \/>\n<meta property=\"og:url\" content=\"https:\/\/www.missionslocalesnormandie.fr\/mission-locale-louviers-valdereuil-andelle\/2025\/04\/03\/cap-orientaction\/\" \/>\n<meta property=\"og:site_name\" content=\"MISSION LOCALE LOUVIERS-VAL DE REUIL-ANDELLE\" \/>\n<meta property=\"article:published_time\" content=\"2025-04-03T14:37:48+00:00\" \/>\n<meta property=\"article:modified_time\" content=\"2026-01-05T13:39:54+00:00\" \/>\n<meta property=\"og:image\" content=\"https:\/\/www.missionslocalesnormandie.fr\/content\/uploads\/sites\/12\/2025\/04\/logocaporientation.png\" \/>\n\t<meta property=\"og:image:width\" content=\"1080\" \/>\n\t<meta property=\"og:image:height\" content=\"1080\" \/>\n\t<meta property=\"og:image:type\" content=\"image\/png\" \/>\n<meta name=\"author\" content=\"jlefrancois\" \/>\n<meta name=\"twitter:card\" content=\"summary_large_image\" \/>\n<meta name=\"twitter:label1\" content=\"\u00c9crit par\" \/>\n\t<meta name=\"twitter:data1\" content=\"jlefrancois\" \/>\n\t<meta name=\"twitter:label2\" content=\"Dur\u00e9e de lecture estim\u00e9e\" \/>\n\t<meta name=\"twitter:data2\" content=\"2 minutes\" \/>\n<script type=\"application\/ld+json\" class=\"yoast-schema-graph\">{\"@context\":\"https:\/\/schema.org\",\"@graph\":[{\"@type\":\"WebPage\",\"@id\":\"https:\/\/www.missionslocalesnormandie.fr\/mission-locale-louviers-valdereuil-andelle\/2025\/04\/03\/cap-orientaction\/\",\"url\":\"https:\/\/www.missionslocalesnormandie.fr\/mission-locale-louviers-valdereuil-andelle\/2025\/04\/03\/cap-orientaction\/\",\"name\":\"CAP ORIENT'ACTION - MISSION LOCALE LOUVIERS-VAL DE REUIL-ANDELLE\",\"isPartOf\":{\"@id\":\"https:\/\/www.missionslocalesnormandie.fr\/mission-locale-louviers-valdereuil-andelle\/#website\"},\"datePublished\":\"2025-04-03T14:37:48+00:00\",\"dateModified\":\"2026-01-05T13:39:54+00:00\",\"author\":{\"@id\":\"https:\/\/www.missionslocalesnormandie.fr\/mission-locale-louviers-valdereuil-andelle\/#\/schema\/person\/2c117bd21faa9ab941802970f971e9a1\"},\"breadcrumb\":{\"@id\":\"https:\/\/www.missionslocalesnormandie.fr\/mission-locale-louviers-valdereuil-andelle\/2025\/04\/03\/cap-orientaction\/#breadcrumb\"},\"inLanguage\":\"fr-FR\",\"potentialAction\":[{\"@type\":\"ReadAction\",\"target\":[\"https:\/\/www.missionslocalesnormandie.fr\/mission-locale-louviers-valdereuil-andelle\/2025\/04\/03\/cap-orientaction\/\"]}]},{\"@type\":\"BreadcrumbList\",\"@id\":\"https:\/\/www.missionslocalesnormandie.fr\/mission-locale-louviers-valdereuil-andelle\/2025\/04\/03\/cap-orientaction\/#breadcrumb\",\"itemListElement\":[{\"@type\":\"ListItem\",\"position\":1,\"name\":\"Home\",\"item\":\"https:\/\/www.missionslocalesnormandie.fr\/mission-locale-louviers-valdereuil-andelle\/\"},{\"@type\":\"ListItem\",\"position\":2,\"name\":\"Actualit\u00e9s\",\"item\":\"https:\/\/www.missionslocalesnormandie.fr\/mission-locale-louviers-valdereuil-andelle\/actualites\/\"},{\"@type\":\"ListItem\",\"position\":3,\"name\":\"CAP ORIENT&rsquo;ACTION\"}]},{\"@type\":\"WebSite\",\"@id\":\"https:\/\/www.missionslocalesnormandie.fr\/mission-locale-louviers-valdereuil-andelle\/#website\",\"url\":\"https:\/\/www.missionslocalesnormandie.fr\/mission-locale-louviers-valdereuil-andelle\/\",\"name\":\"MISSION LOCALE LOUVIERS-VAL DE REUIL-ANDELLE\",\"description\":\"\",\"potentialAction\":[{\"@type\":\"SearchAction\",\"target\":{\"@type\":\"EntryPoint\",\"urlTemplate\":\"https:\/\/www.missionslocalesnormandie.fr\/mission-locale-louviers-valdereuil-andelle\/?s={search_term_string}\"},\"query-input\":\"required name=search_term_string\"}],\"inLanguage\":\"fr-FR\"},{\"@type\":\"Person\",\"@id\":\"https:\/\/www.missionslocalesnormandie.fr\/mission-locale-louviers-valdereuil-andelle\/#\/schema\/person\/2c117bd21faa9ab941802970f971e9a1\",\"name\":\"jlefrancois\",\"image\":{\"@type\":\"ImageObject\",\"inLanguage\":\"fr-FR\",\"@id\":\"https:\/\/www.missionslocalesnormandie.fr\/mission-locale-louviers-valdereuil-andelle\/#\/schema\/person\/image\/\",\"url\":\"https:\/\/secure.gravatar.com\/avatar\/585819a91e98c25c6a2561497a612d6d?s=96&d=mm&r=g\",\"contentUrl\":\"https:\/\/secure.gravatar.com\/avatar\/585819a91e98c25c6a2561497a612d6d?s=96&d=mm&r=g\",\"caption\":\"jlefrancois\"},\"url\":\"https:\/\/www.missionslocalesnormandie.fr\/mission-locale-louviers-valdereuil-andelle\/author\/jlefrancois\/\"}]}<\/script>\n<!-- \/ Yoast SEO plugin. -->","yoast_head_json":{"title":"CAP ORIENT'ACTION - MISSION LOCALE LOUVIERS-VAL DE REUIL-ANDELLE","robots":{"index":"index","follow":"follow","max-snippet":"max-snippet:-1","max-image-preview":"max-image-preview:large","max-video-preview":"max-video-preview:-1"},"canonical":"https:\/\/www.missionslocalesnormandie.fr\/mission-locale-louviers-valdereuil-andelle\/2025\/04\/03\/cap-orientaction\/","og_locale":"fr_FR","og_type":"article","og_title":"CAP ORIENT'ACTION - MISSION LOCALE LOUVIERS-VAL DE REUIL-ANDELLE","og_description":"Ce projet, co financ\u00e9 par la R\u00e9gion Normandie et le Fonds Social Europ\u00e9en, est une nouvelle offre de service de la ML destin\u00e9e \u00e0 \u00e9laborer un parcours d&#8217;orientation professionnelle pouvant d\u00e9boucher sur une entr\u00e9e en formation. Il est pens\u00e9 comme une \u00e9tape venant soutenir le parcours d\u2019insertion professionnelle des jeunes concern\u00e9s. Ce projet a d\u00e9marr\u00e9 [&hellip;]","og_url":"https:\/\/www.missionslocalesnormandie.fr\/mission-locale-louviers-valdereuil-andelle\/2025\/04\/03\/cap-orientaction\/","og_site_name":"MISSION LOCALE LOUVIERS-VAL DE REUIL-ANDELLE","article_published_time":"2025-04-03T14:37:48+00:00","article_modified_time":"2026-01-05T13:39:54+00:00","og_image":[{"width":1080,"height":1080,"url":"https:\/\/www.missionslocalesnormandie.fr\/content\/uploads\/sites\/12\/2025\/04\/logocaporientation.png","type":"image\/png"}],"author":"jlefrancois","twitter_card":"summary_large_image","twitter_misc":{"\u00c9crit par":"jlefrancois","Dur\u00e9e de lecture estim\u00e9e":"2 minutes"},"schema":{"@context":"https:\/\/schema.org","@graph":[{"@type":"WebPage","@id":"https:\/\/www.missionslocalesnormandie.fr\/mission-locale-louviers-valdereuil-andelle\/2025\/04\/03\/cap-orientaction\/","url":"https:\/\/www.missionslocalesnormandie.fr\/mission-locale-louviers-valdereuil-andelle\/2025\/04\/03\/cap-orientaction\/","name":"CAP ORIENT'ACTION - MISSION LOCALE LOUVIERS-VAL DE REUIL-ANDELLE","isPartOf":{"@id":"https:\/\/www.missionslocalesnormandie.fr\/mission-locale-louviers-valdereuil-andelle\/#website"},"datePublished":"2025-04-03T14:37:48+00:00","dateModified":"2026-01-05T13:39:54+00:00","author":{"@id":"https:\/\/www.missionslocalesnormandie.fr\/mission-locale-louviers-valdereuil-andelle\/#\/schema\/person\/2c117bd21faa9ab941802970f971e9a1"},"breadcrumb":{"@id":"https:\/\/www.missionslocalesnormandie.fr\/mission-locale-louviers-valdereuil-andelle\/2025\/04\/03\/cap-orientaction\/#breadcrumb"},"inLanguage":"fr-FR","potentialAction":[{"@type":"ReadAction","target":["https:\/\/www.missionslocalesnormandie.fr\/mission-locale-louviers-valdereuil-andelle\/2025\/04\/03\/cap-orientaction\/"]}]},{"@type":"BreadcrumbList","@id":"https:\/\/www.missionslocalesnormandie.fr\/mission-locale-louviers-valdereuil-andelle\/2025\/04\/03\/cap-orientaction\/#breadcrumb","itemListElement":[{"@type":"ListItem","position":1,"name":"Home","item":"https:\/\/www.missionslocalesnormandie.fr\/mission-locale-louviers-valdereuil-andelle\/"},{"@type":"ListItem","position":2,"name":"Actualit\u00e9s","item":"https:\/\/www.missionslocalesnormandie.fr\/mission-locale-louviers-valdereuil-andelle\/actualites\/"},{"@type":"ListItem","position":3,"name":"CAP ORIENT&rsquo;ACTION"}]},{"@type":"WebSite","@id":"https:\/\/www.missionslocalesnormandie.fr\/mission-locale-louviers-valdereuil-andelle\/#website","url":"https:\/\/www.missionslocalesnormandie.fr\/mission-locale-louviers-valdereuil-andelle\/","name":"MISSION LOCALE LOUVIERS-VAL DE REUIL-ANDELLE","description":"","potentialAction":[{"@type":"SearchAction","target":{"@type":"EntryPoint","urlTemplate":"https:\/\/www.missionslocalesnormandie.fr\/mission-locale-louviers-valdereuil-andelle\/?s={search_term_string}"},"query-input":"required name=search_term_string"}],"inLanguage":"fr-FR"},{"@type":"Person","@id":"https:\/\/www.missionslocalesnormandie.fr\/mission-locale-louviers-valdereuil-andelle\/#\/schema\/person\/2c117bd21faa9ab941802970f971e9a1","name":"jlefrancois","image":{"@type":"ImageObject","inLanguage":"fr-FR","@id":"https:\/\/www.missionslocalesnormandie.fr\/mission-locale-louviers-valdereuil-andelle\/#\/schema\/person\/image\/","url":"https:\/\/secure.gravatar.com\/avatar\/585819a91e98c25c6a2561497a612d6d?s=96&d=mm&r=g","contentUrl":"https:\/\/secure.gravatar.com\/avatar\/585819a91e98c25c6a2561497a612d6d?s=96&d=mm&r=g","caption":"jlefrancois"},"url":"https:\/\/www.missionslocalesnormandie.fr\/mission-locale-louviers-valdereuil-andelle\/author\/jlefrancois\/"}]}},"_links":{"self":[{"href":"https:\/\/www.missionslocalesnormandie.fr\/mission-locale-louviers-valdereuil-andelle\/wp-json\/wp\/v2\/posts\/1590"}],"collection":[{"href":"https:\/\/www.missionslocalesnormandie.fr\/mission-locale-louviers-valdereuil-andelle\/wp-json\/wp\/v2\/posts"}],"about":[{"href":"https:\/\/www.missionslocalesnormandie.fr\/mission-locale-louviers-valdereuil-andelle\/wp-json\/wp\/v2\/types\/post"}],"author":[{"embeddable":true,"href":"https:\/\/www.missionslocalesnormandie.fr\/mission-locale-louviers-valdereuil-andelle\/wp-json\/wp\/v2\/users\/17"}],"replies":[{"embeddable":true,"href":"https:\/\/www.missionslocalesnormandie.fr\/mission-locale-louviers-valdereuil-andelle\/wp-json\/wp\/v2\/comments?post=1590"}],"version-history":[{"count":17,"href":"https:\/\/www.missionslocalesnormandie.fr\/mission-locale-louviers-valdereuil-andelle\/wp-json\/wp\/v2\/posts\/1590\/revisions"}],"predecessor-version":[{"id":1750,"href":"https:\/\/www.missionslocalesnormandie.fr\/mission-locale-louviers-valdereuil-andelle\/wp-json\/wp\/v2\/posts\/1590\/revisions\/1750"}],"wp:featuredmedia":[{"embeddable":true,"href":"https:\/\/www.missionslocalesnormandie.fr\/mission-locale-louviers-valdereuil-andelle\/wp-json\/wp\/v2\/media\/1591"}],"wp:attachment":[{"href":"https:\/\/www.missionslocalesnormandie.fr\/mission-locale-louviers-valdereuil-andelle\/wp-json\/wp\/v2\/media?parent=1590"}],"wp:term":[{"taxonomy":"category","embeddable":true,"href":"https:\/\/www.missionslocalesnormandie.fr\/mission-locale-louviers-valdereuil-andelle\/wp-json\/wp\/v2\/categories?post=1590"},{"taxonomy":"post_tag","embeddable":true,"href":"https:\/\/www.missionslocalesnormandie.fr\/mission-locale-louviers-valdereuil-andelle\/wp-json\/wp\/v2\/tags?post=1590"}],"curies":[{"name":"wp","href":"https:\/\/api.w.org\/{rel}","templated":true}]}}