{"id":1604,"date":"2025-05-21T09:55:23","date_gmt":"2025-05-21T07:55:23","guid":{"rendered":"https:\/\/www.missionslocalesnormandie.fr\/mission-locale-louviers-valdereuil-andelle\/?p=1604"},"modified":"2025-05-21T10:02:22","modified_gmt":"2025-05-21T08:02:22","slug":"assure-ta-rentree-2","status":"publish","type":"post","link":"https:\/\/www.missionslocalesnormandie.fr\/mission-locale-louviers-valdereuil-andelle\/2025\/05\/21\/assure-ta-rentree-2\/","title":{"rendered":"ASSURE TA RENTREE"},"content":{"rendered":"\t\t<div data-elementor-type=\"wp-post\" data-elementor-id=\"1604\" class=\"elementor elementor-1604\">\n\t\t\t\t<div class=\"elementor-element elementor-element-e1da294 e-flex e-con-boxed e-con e-parent\" data-id=\"e1da294\" data-element_type=\"container\">\n\t\t\t\t\t<div class=\"e-con-inner\">\n\t\t\t\t<div class=\"elementor-element elementor-element-d7f560a elementor-widget elementor-widget-block_titre\" data-id=\"d7f560a\" data-element_type=\"widget\" data-widget_type=\"block_titre.default\">\n\t\t\t\t<div class=\"elementor-widget-container\">\n\t\t\t    <div class=\"container\">\n        <h2>\n            ASSURE TA RENTREE\n        <\/h2>\n    <\/div>\n\t\t<\/div>\n\t\t\t\t<\/div>\n\t\t\t\t\t<\/div>\n\t\t\t\t<\/div>\n\t\t<div class=\"elementor-element elementor-element-4440888 e-flex e-con-boxed e-con e-parent\" data-id=\"4440888\" data-element_type=\"container\">\n\t\t\t\t\t<div class=\"e-con-inner\">\n\t\t\t\t<div class=\"elementor-element elementor-element-2dc14c30 elementor-widget elementor-widget-text-editor\" data-id=\"2dc14c30\" data-element_type=\"widget\" data-widget_type=\"text-editor.default\">\n\t\t\t\t<div class=\"elementor-widget-container\">\n\t\t\t\t\t\t\t<p>Tu as entre 16 et 25 ans ? Tu cherches une formation, une alternance ou tout simplement des r\u00e9ponses pour construire ton avenir pro ?<\/p><p>Ne manque pas notre <strong data-start=\"399\" data-end=\"474\">forum d\u00e9di\u00e9 aux solutions de formation professionnelle et en alternance<\/strong> !<\/p><div dir=\"auto\">Nos partenaires pr\u00e9sents : <span class=\"html-span xexx8yu x4uap5 x18d9i69 xkhd6sd x1hl2dhg x16tdsg8 x1vvkbs x3nfvp2 x1j61x8r x1fcty0u xdj266r xat24cr xgzva0m xhhsvwb xxymvpz xlup9mm x1kky2od\"><img decoding=\"async\" class=\"xz74otr x168nmei x13lgxp2 x5pf9jr xo71vjh\" src=\"https:\/\/static.xx.fbcdn.net\/images\/emoji.php\/v9\/t4f\/1\/16\/1f447.png\" alt=\"\ud83d\udc47\" width=\"16\" height=\"16\" \/><\/span><\/div><div dir=\"auto\"><span class=\"html-span xdj266r x11i5rnm xat24cr x1mh8g0r xexx8yu x4uap5 x18d9i69 xkhd6sd x1hl2dhg x16tdsg8 x1vvkbs\"><a class=\"x1i10hfl xjbqb8w x1ejq31n xd10rxx x1sy0etr x17r0tee x972fbf xcfux6l x1qhh985 xm0m39n x9f619 x1ypdohk xt0psk2 xe8uvvx xdj266r x11i5rnm xat24cr x1mh8g0r xexx8yu x4uap5 x18d9i69 xkhd6sd x16tdsg8 x1hl2dhg xggy1nq x1a2a7pz xkrqix3 x1sur9pj x1fey0fg x1s688f\" role=\"link\" href=\"https:\/\/www.facebook.com\/PoleformationRD?__cft__[0]=AZV1RE6oVZgd9eqSzE70MEvDG6Lqym36WQxrto_zwUoGrnlW9Db5Wht4d8zeLyiqD6-GPju4LHCoyhjwn5OeKHKI5E25hDVXcRNgHE3Pr6NKHIGyy3Gs00lMojpTyghWo_YVi1AhJeK25_mRJSbyTAuR-djqdAnPyfPcI9Mogy4WftUS_esE06Q9_-AyC4EJd22myctV68Y-HUEb0Ja9pJF_wAsNVMS-GEWZGsk_BS_umw&amp;__tn__=-]K-R\"><span class=\"xt0psk2\"><span class=\"xjp7ctv\">P\u00f4le formation UIMM Rouen-Dieppe<\/span><\/span><\/a><\/span>, Zone01 Rouen Normandie, <span class=\"html-span xdj266r x11i5rnm xat24cr x1mh8g0r xexx8yu x4uap5 x18d9i69 xkhd6sd x1hl2dhg x16tdsg8 x1vvkbs\"><a class=\"x1i10hfl xjbqb8w x1ejq31n xd10rxx x1sy0etr x17r0tee x972fbf xcfux6l x1qhh985 xm0m39n x9f619 x1ypdohk xt0psk2 xe8uvvx xdj266r x11i5rnm xat24cr x1mh8g0r xexx8yu x4uap5 x18d9i69 xkhd6sd x16tdsg8 x1hl2dhg xggy1nq x1a2a7pz xkrqix3 x1sur9pj x1fey0fg x1s688f\" role=\"link\" href=\"https:\/\/www.facebook.com\/groups\/277595153635257\/?__cft__[0]=AZV1RE6oVZgd9eqSzE70MEvDG6Lqym36WQxrto_zwUoGrnlW9Db5Wht4d8zeLyiqD6-GPju4LHCoyhjwn5OeKHKI5E25hDVXcRNgHE3Pr6NKHIGyy3Gs00lMojpTyghWo_YVi1AhJeK25_mRJSbyTAuR-djqdAnPyfPcI9Mogy4WftUS_esE06Q9_-AyC4EJd22myctV68Y-HUEb0Ja9pJF_wAsNVMS-GEWZGsk_BS_umw&amp;__tn__=-UK-R\"><span class=\"xt0psk2\"><span class=\"xjp7ctv\">L&#8217;apprentissage avec les CFA du B\u00e2timent de Normandie<\/span><\/span><\/a><\/span>, CEREF BTP, <span class=\"html-span xdj266r x11i5rnm xat24cr x1mh8g0r xexx8yu x4uap5 x18d9i69 xkhd6sd x1hl2dhg x16tdsg8 x1vvkbs\"><a class=\"x1i10hfl xjbqb8w x1ejq31n xd10rxx x1sy0etr x17r0tee x972fbf xcfux6l x1qhh985 xm0m39n x9f619 x1ypdohk xt0psk2 xe8uvvx xdj266r x11i5rnm xat24cr x1mh8g0r xexx8yu x4uap5 x18d9i69 xkhd6sd x16tdsg8 x1hl2dhg xggy1nq x1a2a7pz xkrqix3 x1sur9pj x1fey0fg x1s688f\" role=\"link\" href=\"https:\/\/www.facebook.com\/aftral?__cft__[0]=AZV1RE6oVZgd9eqSzE70MEvDG6Lqym36WQxrto_zwUoGrnlW9Db5Wht4d8zeLyiqD6-GPju4LHCoyhjwn5OeKHKI5E25hDVXcRNgHE3Pr6NKHIGyy3Gs00lMojpTyghWo_YVi1AhJeK25_mRJSbyTAuR-djqdAnPyfPcI9Mogy4WftUS_esE06Q9_-AyC4EJd22myctV68Y-HUEb0Ja9pJF_wAsNVMS-GEWZGsk_BS_umw&amp;__tn__=-]K-R\"><span class=\"xt0psk2\"><span class=\"xjp7ctv\">AFTRAL<\/span><\/span><\/a><\/span>, <span class=\"html-span xdj266r x11i5rnm xat24cr x1mh8g0r xexx8yu x4uap5 x18d9i69 xkhd6sd x1hl2dhg x16tdsg8 x1vvkbs\"><a class=\"x1i10hfl xjbqb8w x1ejq31n xd10rxx x1sy0etr x17r0tee x972fbf xcfux6l x1qhh985 xm0m39n x9f619 x1ypdohk xt0psk2 xe8uvvx xdj266r x11i5rnm xat24cr x1mh8g0r xexx8yu x4uap5 x18d9i69 xkhd6sd x16tdsg8 x1hl2dhg xggy1nq x1a2a7pz xkrqix3 x1sur9pj x1fey0fg x1s688f\" role=\"link\" href=\"https:\/\/www.facebook.com\/AFPANormandie?__cft__[0]=AZV1RE6oVZgd9eqSzE70MEvDG6Lqym36WQxrto_zwUoGrnlW9Db5Wht4d8zeLyiqD6-GPju4LHCoyhjwn5OeKHKI5E25hDVXcRNgHE3Pr6NKHIGyy3Gs00lMojpTyghWo_YVi1AhJeK25_mRJSbyTAuR-djqdAnPyfPcI9Mogy4WftUS_esE06Q9_-AyC4EJd22myctV68Y-HUEb0Ja9pJF_wAsNVMS-GEWZGsk_BS_umw&amp;__tn__=-]K-R\"><span class=\"xt0psk2\"><span class=\"xjp7ctv\">AFPA Normandie<\/span><\/span><\/a><\/span>, Need for School, GROUPE ALTERNANCE EVREUX, <span class=\"html-span xdj266r x11i5rnm xat24cr x1mh8g0r xexx8yu x4uap5 x18d9i69 xkhd6sd x1hl2dhg x16tdsg8 x1vvkbs\"><a class=\"x1i10hfl xjbqb8w x1ejq31n xd10rxx x1sy0etr x17r0tee x972fbf xcfux6l x1qhh985 xm0m39n x9f619 x1ypdohk xt0psk2 xe8uvvx xdj266r x11i5rnm xat24cr x1mh8g0r xexx8yu x4uap5 x18d9i69 xkhd6sd x16tdsg8 x1hl2dhg xggy1nq x1a2a7pz xkrqix3 x1sur9pj x1fey0fg x1s688f\" role=\"link\" href=\"https:\/\/www.facebook.com\/GRETAPortesNormandes?__cft__[0]=AZV1RE6oVZgd9eqSzE70MEvDG6Lqym36WQxrto_zwUoGrnlW9Db5Wht4d8zeLyiqD6-GPju4LHCoyhjwn5OeKHKI5E25hDVXcRNgHE3Pr6NKHIGyy3Gs00lMojpTyghWo_YVi1AhJeK25_mRJSbyTAuR-djqdAnPyfPcI9Mogy4WftUS_esE06Q9_-AyC4EJd22myctV68Y-HUEb0Ja9pJF_wAsNVMS-GEWZGsk_BS_umw&amp;__tn__=-]K-R\"><span class=\"xt0psk2\"><span class=\"xjp7ctv\">GRETA Portes Normandes<\/span><\/span><\/a><\/span>, Horti-P\u00f4le \u00c9vreux, <span class=\"html-span xdj266r x11i5rnm xat24cr x1mh8g0r xexx8yu x4uap5 x18d9i69 xkhd6sd x1hl2dhg x16tdsg8 x1vvkbs\"><a class=\"x1i10hfl xjbqb8w x1ejq31n xd10rxx x1sy0etr x17r0tee x972fbf xcfux6l x1qhh985 xm0m39n x9f619 x1ypdohk xt0psk2 xe8uvvx xdj266r x11i5rnm xat24cr x1mh8g0r xexx8yu x4uap5 x18d9i69 xkhd6sd x16tdsg8 x1hl2dhg xggy1nq x1a2a7pz xkrqix3 x1sur9pj x1fey0fg x1s688f\" role=\"link\" href=\"https:\/\/www.facebook.com\/CFAIEVDR?__cft__[0]=AZV1RE6oVZgd9eqSzE70MEvDG6Lqym36WQxrto_zwUoGrnlW9Db5Wht4d8zeLyiqD6-GPju4LHCoyhjwn5OeKHKI5E25hDVXcRNgHE3Pr6NKHIGyy3Gs00lMojpTyghWo_YVi1AhJeK25_mRJSbyTAuR-djqdAnPyfPcI9Mogy4WftUS_esE06Q9_-AyC4EJd22myctV68Y-HUEb0Ja9pJF_wAsNVMS-GEWZGsk_BS_umw&amp;__tn__=-]K-R\"><span class=\"xt0psk2\"><span class=\"xjp7ctv\">CFAIE de Val De Reuil<\/span><\/span><\/a><\/span><\/div>\t\t\t\t\t\t<\/div>\n\t\t\t\t<\/div>\n\t\t\t\t\t<\/div>\n\t\t\t\t<\/div>\n\t\t<div class=\"elementor-element elementor-element-cb601c7 e-flex e-con-boxed e-con e-parent\" data-id=\"cb601c7\" data-element_type=\"container\">\n\t\t\t\t\t<div class=\"e-con-inner\">\n\t\t\t\t<div class=\"elementor-element elementor-element-76b22f7 elementor-widget elementor-widget-block_simple_visuel\" data-id=\"76b22f7\" data-element_type=\"widget\" data-widget_type=\"block_simple_visuel.default\">\n\t\t\t\t<div class=\"elementor-widget-container\">\n\t\t\t    <div class=\"container\">\n        <figure>\n                        \n                                                            <a href=\"https:\/\/www.missionslocalesnormandie.fr\/content\/uploads\/sites\/12\/2025\/05\/assure-ta-rentree.png\">\n                    <img decoding=\"async\" src=\"https:\/\/www.missionslocalesnormandie.fr\/content\/uploads\/sites\/12\/2025\/05\/assure-ta-rentree-950x595-c-default.png\"\n                         alt=\"MISSION LOCALE LOUVIERS-VAL DE REUIL-ANDELLE\"\/>\n                <\/a>\n            \n                    <\/figure>\n    <\/div>\n\t\t<\/div>\n\t\t\t\t<\/div>\n\t\t\t\t\t<\/div>\n\t\t\t\t<\/div>\n\t\t\t\t<\/div>\n\t\t","protected":false},"excerpt":{"rendered":"<p>ASSURE TA RENTREE Tu as entre 16 et 25 ans ? Tu cherches une formation, une alternance ou tout simplement des r\u00e9ponses pour construire ton avenir pro ? Ne manque pas notre forum d\u00e9di\u00e9 aux solutions de formation professionnelle et en alternance ! Nos partenaires pr\u00e9sents : P\u00f4le formation UIMM Rouen-Dieppe, Zone01 Rouen Normandie, L&#8217;apprentissage [&hellip;]<\/p>\n","protected":false},"author":17,"featured_media":1605,"comment_status":"closed","ping_status":"closed","sticky":false,"template":"","format":"standard","meta":{"_acf_changed":false,"_crosspost_to_1":false,"_crosspost_to_2":false,"_crosspost_to_3":false,"_crosspost_to_4":false,"_crosspost_to_5":false,"_crosspost_to_6":false,"_crosspost_to_7":false,"_crosspost_to_8":false,"_crosspost_to_11":false,"_crosspost_to_13":false,"_crosspost_to_14":false,"_crosspost_to_15":false,"_crosspost_to_16":false,"inline_featured_image":false,"footnotes":""},"categories":[7],"tags":[],"acf":[],"yoast_head":"<!-- This site is optimized with the Yoast SEO plugin v21.9.1 - https:\/\/yoast.com\/wordpress\/plugins\/seo\/ -->\n<title>ASSURE TA RENTREE - MISSION LOCALE LOUVIERS-VAL DE REUIL-ANDELLE<\/title>\n<meta name=\"robots\" content=\"index, follow, max-snippet:-1, max-image-preview:large, max-video-preview:-1\" \/>\n<link rel=\"canonical\" href=\"https:\/\/www.missionslocalesnormandie.fr\/mission-locale-louviers-valdereuil-andelle\/2025\/05\/21\/assure-ta-rentree-2\/\" \/>\n<meta property=\"og:locale\" content=\"fr_FR\" \/>\n<meta property=\"og:type\" content=\"article\" \/>\n<meta property=\"og:title\" content=\"ASSURE TA RENTREE - MISSION LOCALE LOUVIERS-VAL DE REUIL-ANDELLE\" \/>\n<meta property=\"og:description\" content=\"ASSURE TA RENTREE Tu as entre 16 et 25 ans ? Tu cherches une formation, une alternance ou tout simplement des r\u00e9ponses pour construire ton avenir pro ? Ne manque pas notre forum d\u00e9di\u00e9 aux solutions de formation professionnelle et en alternance ! Nos partenaires pr\u00e9sents : P\u00f4le formation UIMM Rouen-Dieppe, Zone01 Rouen Normandie, L&#8217;apprentissage [&hellip;]\" \/>\n<meta property=\"og:url\" content=\"https:\/\/www.missionslocalesnormandie.fr\/mission-locale-louviers-valdereuil-andelle\/2025\/05\/21\/assure-ta-rentree-2\/\" \/>\n<meta property=\"og:site_name\" content=\"MISSION LOCALE LOUVIERS-VAL DE REUIL-ANDELLE\" \/>\n<meta property=\"article:published_time\" content=\"2025-05-21T07:55:23+00:00\" \/>\n<meta property=\"article:modified_time\" content=\"2025-05-21T08:02:22+00:00\" \/>\n<meta property=\"og:image\" content=\"https:\/\/www.missionslocalesnormandie.fr\/content\/uploads\/sites\/12\/2025\/05\/assure-ta-rentree-1024x378.png\" \/>\n\t<meta property=\"og:image:width\" content=\"1024\" \/>\n\t<meta property=\"og:image:height\" content=\"378\" \/>\n\t<meta property=\"og:image:type\" content=\"image\/png\" \/>\n<meta name=\"author\" content=\"jlefrancois\" \/>\n<meta name=\"twitter:card\" content=\"summary_large_image\" \/>\n<meta name=\"twitter:label1\" content=\"\u00c9crit par\" \/>\n\t<meta name=\"twitter:data1\" content=\"jlefrancois\" \/>\n\t<meta name=\"twitter:label2\" content=\"Dur\u00e9e de lecture estim\u00e9e\" \/>\n\t<meta name=\"twitter:data2\" content=\"1 minute\" \/>\n<script type=\"application\/ld+json\" class=\"yoast-schema-graph\">{\"@context\":\"https:\/\/schema.org\",\"@graph\":[{\"@type\":\"WebPage\",\"@id\":\"https:\/\/www.missionslocalesnormandie.fr\/mission-locale-louviers-valdereuil-andelle\/2025\/05\/21\/assure-ta-rentree-2\/\",\"url\":\"https:\/\/www.missionslocalesnormandie.fr\/mission-locale-louviers-valdereuil-andelle\/2025\/05\/21\/assure-ta-rentree-2\/\",\"name\":\"ASSURE TA RENTREE - MISSION LOCALE LOUVIERS-VAL DE REUIL-ANDELLE\",\"isPartOf\":{\"@id\":\"https:\/\/www.missionslocalesnormandie.fr\/mission-locale-louviers-valdereuil-andelle\/#website\"},\"datePublished\":\"2025-05-21T07:55:23+00:00\",\"dateModified\":\"2025-05-21T08:02:22+00:00\",\"author\":{\"@id\":\"https:\/\/www.missionslocalesnormandie.fr\/mission-locale-louviers-valdereuil-andelle\/#\/schema\/person\/2c117bd21faa9ab941802970f971e9a1\"},\"breadcrumb\":{\"@id\":\"https:\/\/www.missionslocalesnormandie.fr\/mission-locale-louviers-valdereuil-andelle\/2025\/05\/21\/assure-ta-rentree-2\/#breadcrumb\"},\"inLanguage\":\"fr-FR\",\"potentialAction\":[{\"@type\":\"ReadAction\",\"target\":[\"https:\/\/www.missionslocalesnormandie.fr\/mission-locale-louviers-valdereuil-andelle\/2025\/05\/21\/assure-ta-rentree-2\/\"]}]},{\"@type\":\"BreadcrumbList\",\"@id\":\"https:\/\/www.missionslocalesnormandie.fr\/mission-locale-louviers-valdereuil-andelle\/2025\/05\/21\/assure-ta-rentree-2\/#breadcrumb\",\"itemListElement\":[{\"@type\":\"ListItem\",\"position\":1,\"name\":\"Home\",\"item\":\"https:\/\/www.missionslocalesnormandie.fr\/mission-locale-louviers-valdereuil-andelle\/\"},{\"@type\":\"ListItem\",\"position\":2,\"name\":\"Actualit\u00e9s\",\"item\":\"https:\/\/www.missionslocalesnormandie.fr\/mission-locale-louviers-valdereuil-andelle\/actualites\/\"},{\"@type\":\"ListItem\",\"position\":3,\"name\":\"ASSURE TA RENTREE\"}]},{\"@type\":\"WebSite\",\"@id\":\"https:\/\/www.missionslocalesnormandie.fr\/mission-locale-louviers-valdereuil-andelle\/#website\",\"url\":\"https:\/\/www.missionslocalesnormandie.fr\/mission-locale-louviers-valdereuil-andelle\/\",\"name\":\"MISSION LOCALE LOUVIERS-VAL DE REUIL-ANDELLE\",\"description\":\"\",\"potentialAction\":[{\"@type\":\"SearchAction\",\"target\":{\"@type\":\"EntryPoint\",\"urlTemplate\":\"https:\/\/www.missionslocalesnormandie.fr\/mission-locale-louviers-valdereuil-andelle\/?s={search_term_string}\"},\"query-input\":\"required name=search_term_string\"}],\"inLanguage\":\"fr-FR\"},{\"@type\":\"Person\",\"@id\":\"https:\/\/www.missionslocalesnormandie.fr\/mission-locale-louviers-valdereuil-andelle\/#\/schema\/person\/2c117bd21faa9ab941802970f971e9a1\",\"name\":\"jlefrancois\",\"image\":{\"@type\":\"ImageObject\",\"inLanguage\":\"fr-FR\",\"@id\":\"https:\/\/www.missionslocalesnormandie.fr\/mission-locale-louviers-valdereuil-andelle\/#\/schema\/person\/image\/\",\"url\":\"https:\/\/secure.gravatar.com\/avatar\/585819a91e98c25c6a2561497a612d6d?s=96&d=mm&r=g\",\"contentUrl\":\"https:\/\/secure.gravatar.com\/avatar\/585819a91e98c25c6a2561497a612d6d?s=96&d=mm&r=g\",\"caption\":\"jlefrancois\"},\"url\":\"https:\/\/www.missionslocalesnormandie.fr\/mission-locale-louviers-valdereuil-andelle\/author\/jlefrancois\/\"}]}<\/script>\n<!-- \/ Yoast SEO plugin. -->","yoast_head_json":{"title":"ASSURE TA RENTREE - MISSION LOCALE LOUVIERS-VAL DE REUIL-ANDELLE","robots":{"index":"index","follow":"follow","max-snippet":"max-snippet:-1","max-image-preview":"max-image-preview:large","max-video-preview":"max-video-preview:-1"},"canonical":"https:\/\/www.missionslocalesnormandie.fr\/mission-locale-louviers-valdereuil-andelle\/2025\/05\/21\/assure-ta-rentree-2\/","og_locale":"fr_FR","og_type":"article","og_title":"ASSURE TA RENTREE - MISSION LOCALE LOUVIERS-VAL DE REUIL-ANDELLE","og_description":"ASSURE TA RENTREE Tu as entre 16 et 25 ans ? Tu cherches une formation, une alternance ou tout simplement des r\u00e9ponses pour construire ton avenir pro ? Ne manque pas notre forum d\u00e9di\u00e9 aux solutions de formation professionnelle et en alternance ! Nos partenaires pr\u00e9sents : P\u00f4le formation UIMM Rouen-Dieppe, Zone01 Rouen Normandie, L&#8217;apprentissage [&hellip;]","og_url":"https:\/\/www.missionslocalesnormandie.fr\/mission-locale-louviers-valdereuil-andelle\/2025\/05\/21\/assure-ta-rentree-2\/","og_site_name":"MISSION LOCALE LOUVIERS-VAL DE REUIL-ANDELLE","article_published_time":"2025-05-21T07:55:23+00:00","article_modified_time":"2025-05-21T08:02:22+00:00","og_image":[{"width":1024,"height":378,"url":"https:\/\/www.missionslocalesnormandie.fr\/content\/uploads\/sites\/12\/2025\/05\/assure-ta-rentree-1024x378.png","type":"image\/png"}],"author":"jlefrancois","twitter_card":"summary_large_image","twitter_misc":{"\u00c9crit par":"jlefrancois","Dur\u00e9e de lecture estim\u00e9e":"1 minute"},"schema":{"@context":"https:\/\/schema.org","@graph":[{"@type":"WebPage","@id":"https:\/\/www.missionslocalesnormandie.fr\/mission-locale-louviers-valdereuil-andelle\/2025\/05\/21\/assure-ta-rentree-2\/","url":"https:\/\/www.missionslocalesnormandie.fr\/mission-locale-louviers-valdereuil-andelle\/2025\/05\/21\/assure-ta-rentree-2\/","name":"ASSURE TA RENTREE - MISSION LOCALE LOUVIERS-VAL DE REUIL-ANDELLE","isPartOf":{"@id":"https:\/\/www.missionslocalesnormandie.fr\/mission-locale-louviers-valdereuil-andelle\/#website"},"datePublished":"2025-05-21T07:55:23+00:00","dateModified":"2025-05-21T08:02:22+00:00","author":{"@id":"https:\/\/www.missionslocalesnormandie.fr\/mission-locale-louviers-valdereuil-andelle\/#\/schema\/person\/2c117bd21faa9ab941802970f971e9a1"},"breadcrumb":{"@id":"https:\/\/www.missionslocalesnormandie.fr\/mission-locale-louviers-valdereuil-andelle\/2025\/05\/21\/assure-ta-rentree-2\/#breadcrumb"},"inLanguage":"fr-FR","potentialAction":[{"@type":"ReadAction","target":["https:\/\/www.missionslocalesnormandie.fr\/mission-locale-louviers-valdereuil-andelle\/2025\/05\/21\/assure-ta-rentree-2\/"]}]},{"@type":"BreadcrumbList","@id":"https:\/\/www.missionslocalesnormandie.fr\/mission-locale-louviers-valdereuil-andelle\/2025\/05\/21\/assure-ta-rentree-2\/#breadcrumb","itemListElement":[{"@type":"ListItem","position":1,"name":"Home","item":"https:\/\/www.missionslocalesnormandie.fr\/mission-locale-louviers-valdereuil-andelle\/"},{"@type":"ListItem","position":2,"name":"Actualit\u00e9s","item":"https:\/\/www.missionslocalesnormandie.fr\/mission-locale-louviers-valdereuil-andelle\/actualites\/"},{"@type":"ListItem","position":3,"name":"ASSURE TA RENTREE"}]},{"@type":"WebSite","@id":"https:\/\/www.missionslocalesnormandie.fr\/mission-locale-louviers-valdereuil-andelle\/#website","url":"https:\/\/www.missionslocalesnormandie.fr\/mission-locale-louviers-valdereuil-andelle\/","name":"MISSION LOCALE LOUVIERS-VAL DE REUIL-ANDELLE","description":"","potentialAction":[{"@type":"SearchAction","target":{"@type":"EntryPoint","urlTemplate":"https:\/\/www.missionslocalesnormandie.fr\/mission-locale-louviers-valdereuil-andelle\/?s={search_term_string}"},"query-input":"required name=search_term_string"}],"inLanguage":"fr-FR"},{"@type":"Person","@id":"https:\/\/www.missionslocalesnormandie.fr\/mission-locale-louviers-valdereuil-andelle\/#\/schema\/person\/2c117bd21faa9ab941802970f971e9a1","name":"jlefrancois","image":{"@type":"ImageObject","inLanguage":"fr-FR","@id":"https:\/\/www.missionslocalesnormandie.fr\/mission-locale-louviers-valdereuil-andelle\/#\/schema\/person\/image\/","url":"https:\/\/secure.gravatar.com\/avatar\/585819a91e98c25c6a2561497a612d6d?s=96&d=mm&r=g","contentUrl":"https:\/\/secure.gravatar.com\/avatar\/585819a91e98c25c6a2561497a612d6d?s=96&d=mm&r=g","caption":"jlefrancois"},"url":"https:\/\/www.missionslocalesnormandie.fr\/mission-locale-louviers-valdereuil-andelle\/author\/jlefrancois\/"}]}},"_links":{"self":[{"href":"https:\/\/www.missionslocalesnormandie.fr\/mission-locale-louviers-valdereuil-andelle\/wp-json\/wp\/v2\/posts\/1604"}],"collection":[{"href":"https:\/\/www.missionslocalesnormandie.fr\/mission-locale-louviers-valdereuil-andelle\/wp-json\/wp\/v2\/posts"}],"about":[{"href":"https:\/\/www.missionslocalesnormandie.fr\/mission-locale-louviers-valdereuil-andelle\/wp-json\/wp\/v2\/types\/post"}],"author":[{"embeddable":true,"href":"https:\/\/www.missionslocalesnormandie.fr\/mission-locale-louviers-valdereuil-andelle\/wp-json\/wp\/v2\/users\/17"}],"replies":[{"embeddable":true,"href":"https:\/\/www.missionslocalesnormandie.fr\/mission-locale-louviers-valdereuil-andelle\/wp-json\/wp\/v2\/comments?post=1604"}],"version-history":[{"count":4,"href":"https:\/\/www.missionslocalesnormandie.fr\/mission-locale-louviers-valdereuil-andelle\/wp-json\/wp\/v2\/posts\/1604\/revisions"}],"predecessor-version":[{"id":1611,"href":"https:\/\/www.missionslocalesnormandie.fr\/mission-locale-louviers-valdereuil-andelle\/wp-json\/wp\/v2\/posts\/1604\/revisions\/1611"}],"wp:featuredmedia":[{"embeddable":true,"href":"https:\/\/www.missionslocalesnormandie.fr\/mission-locale-louviers-valdereuil-andelle\/wp-json\/wp\/v2\/media\/1605"}],"wp:attachment":[{"href":"https:\/\/www.missionslocalesnormandie.fr\/mission-locale-louviers-valdereuil-andelle\/wp-json\/wp\/v2\/media?parent=1604"}],"wp:term":[{"taxonomy":"category","embeddable":true,"href":"https:\/\/www.missionslocalesnormandie.fr\/mission-locale-louviers-valdereuil-andelle\/wp-json\/wp\/v2\/categories?post=1604"},{"taxonomy":"post_tag","embeddable":true,"href":"https:\/\/www.missionslocalesnormandie.fr\/mission-locale-louviers-valdereuil-andelle\/wp-json\/wp\/v2\/tags?post=1604"}],"curies":[{"name":"wp","href":"https:\/\/api.w.org\/{rel}","templated":true}]}}