{"id":1630,"date":"2025-08-25T12:12:25","date_gmt":"2025-08-25T10:12:25","guid":{"rendered":"https:\/\/www.missionslocalesnormandie.fr\/mission-locale-louviers-valdereuil-andelle\/?p=1630"},"modified":"2025-08-25T12:19:26","modified_gmt":"2025-08-25T10:19:26","slug":"des-mots-pour-le-dire","status":"publish","type":"post","link":"https:\/\/www.missionslocalesnormandie.fr\/mission-locale-louviers-valdereuil-andelle\/2025\/08\/25\/des-mots-pour-le-dire\/","title":{"rendered":"JNAI2025 : DES MOTS POUR LE DIRE"},"content":{"rendered":"\t\t<div data-elementor-type=\"wp-post\" data-elementor-id=\"1630\" class=\"elementor elementor-1630\">\n\t\t\t\t<div class=\"elementor-element elementor-element-6ceccc84 e-flex e-con-boxed e-con e-parent\" data-id=\"6ceccc84\" data-element_type=\"container\">\n\t\t\t\t\t<div class=\"e-con-inner\">\n\t\t\t\t<div class=\"elementor-element elementor-element-1353c3a7 elementor-widget elementor-widget-text-editor\" data-id=\"1353c3a7\" data-element_type=\"widget\" data-widget_type=\"text-editor.default\">\n\t\t\t\t<div class=\"elementor-widget-container\">\n\t\t\t\t\t\t\t<p>\ud835\udddd\ud835\uddfc\ud835\ude02\ud835\uddff\ud835\uddfb\ud835\uddf2\u0301\ud835\uddf2\ud835\ude00 \ud835\uddfb\ud835\uddee\ud835\ude01\ud835\uddf6\ud835\uddfc\ud835\uddfb\ud835\uddee\ud835\uddf9\ud835\uddf2\ud835\ude00 \ud835\uddf1\u2019\ud835\uddee\ud835\uddf0\ud835\ude01\ud835\uddf6\ud835\uddfc\ud835\uddfb \ud835\uddf0\ud835\uddfc\ud835\uddfb\ud835\ude01\ud835\uddff\ud835\uddf2 \ud835\uddf9\u2019\ud835\uddf6\ud835\uddf9\ud835\uddf9\ud835\uddf2\ud835\ude01\ud835\ude01\ud835\uddff\ud835\uddf6\ud835\ude00\ud835\uddfa\ud835\uddf2 : Des mots pour le dire<\/p><div class=\"x14z9mp xat24cr x1lziwak x1vvkbs xtlvy1s x126k92a\"><div dir=\"auto\">Rencontrer des difficult\u00e9s pour lire, \u00e9crire, compter, utiliser le num\u00e9rique a des cons\u00e9quences sur la vie quotidienne de nombreux adultes. Les moins de 30 ans aussi sont concern\u00e9s.<\/div><\/div><div class=\"x14z9mp xat24cr x1lziwak x1vvkbs xtlvy1s x126k92a\"><div dir=\"auto\"><span class=\"html-span xexx8yu xyri2b x18d9i69 x1c1uobl x1hl2dhg x16tdsg8 x1vvkbs x3nfvp2 x1j61x8r x1fcty0u xdj266r xat24cr xm2jcoa x1mpyi22 xxymvpz xlup9mm x1kky2od\"><img decoding=\"async\" class=\"xz74otr x15mokao x1ga7v0g x16uus16 xbiv7yw\" src=\"https:\/\/static.xx.fbcdn.net\/images\/emoji.php\/v9\/t42\/1\/16\/1f50e.png\" alt=\"\ud83d\udd0e\" width=\"16\" height=\"16\" \/><\/span> L\u2019illettrisme concerne 1,5 million de personnes en France. Ces adultes ont \u00e9t\u00e9 scolaris\u00e9s mais n\u2019ont pas acquis les comp\u00e9tences de base pour \u00eatre autonomes dans la vie quotidienne.<\/div><\/div><div class=\"x14z9mp xat24cr x1lziwak x1vvkbs xtlvy1s x126k92a\"><div dir=\"auto\">Parmi eux, \ud835\udfed\ud835\udfed % \ud835\uddf1\ud835\uddf2\ud835\ude00 \ud835\uddf7\ud835\uddf2\ud835\ude02\ud835\uddfb\ud835\uddf2\ud835\ude00 \ud835\uddf1\ud835\uddf2 \ud835\udfed\ud835\udff4 \ud835\uddee\u0300 \ud835\udfee\ud835\udff0 \ud835\uddee\ud835\uddfb\ud835\ude00 sont en grande difficult\u00e9 avec les comp\u00e9tences de base. Une r\u00e9alit\u00e9 qui doit \u00eatre rendue visible.<\/div><div dir=\"auto\">\u00a0<\/div><\/div><div class=\"x14z9mp xat24cr x1lziwak x1vvkbs xtlvy1s x126k92a\"><div dir=\"auto\"><span class=\"html-span xexx8yu xyri2b x18d9i69 x1c1uobl x1hl2dhg x16tdsg8 x1vvkbs x3nfvp2 x1j61x8r x1fcty0u xdj266r xat24cr xm2jcoa x1mpyi22 xxymvpz xlup9mm x1kky2od\"><img decoding=\"async\" class=\"xz74otr x15mokao x1ga7v0g x16uus16 xbiv7yw\" src=\"https:\/\/static.xx.fbcdn.net\/images\/emoji.php\/v9\/tba\/1\/16\/1f4e3.png\" alt=\"\ud83d\udce3\" width=\"16\" height=\"16\" \/><\/span> \ud835\uddd4\ud835\uddfd\ud835\uddfd\ud835\uddff\ud835\uddf2\ud835\uddfb\ud835\uddf1\ud835\uddff\ud835\uddf2, \ud835\uddf0\u2019\ud835\uddf2\ud835\ude00\ud835\ude01 \ud835\uddff\ud835\uddf2\ud835\uddfd\ud835\uddff\ud835\uddf2\ud835\uddfb\ud835\uddf1\ud835\uddff\ud835\uddf2 \ud835\uddf9\ud835\uddf2 \ud835\uddf0\ud835\uddfc\ud835\uddfb\ud835\ude01\ud835\uddff\ud835\uddfc\u0302\ud835\uddf9\ud835\uddf2<\/div><\/div><div class=\"x14z9mp xat24cr x1lziwak x1vvkbs xtlvy1s x126k92a\"><div dir=\"auto\">Pour gagner en autonomie dans la vie personnelle et professionnelle, on peut apprendre \u00e0 tout \u00e2ge. Des solutions existent, saisissons-les. La Mission Locale, Ad\u00e9quation et Formation, Education et Formation seront \u00e0 votre \u00e9coute toute la journ\u00e9e du jeudi 11 septembre pour cette journ\u00e9e de sensibilisation sur notre antenne de Val de Reuil.<\/div><div dir=\"auto\">\u00a0<\/div><\/div>\t\t\t\t\t\t<\/div>\n\t\t\t\t<\/div>\n\t\t\t\t<div class=\"elementor-element elementor-element-f630b4e elementor-widget elementor-widget-block_simple_visuel\" data-id=\"f630b4e\" data-element_type=\"widget\" data-widget_type=\"block_simple_visuel.default\">\n\t\t\t\t<div class=\"elementor-widget-container\">\n\t\t\t    <div class=\"container\">\n        <figure>\n                        \n                                                            <a href=\"https:\/\/www.missionslocalesnormandie.fr\/content\/uploads\/sites\/12\/2025\/08\/ProgrammeJNAI2025.png\">\n                    <img decoding=\"async\" src=\"https:\/\/www.missionslocalesnormandie.fr\/content\/uploads\/sites\/12\/2025\/08\/ProgrammeJNAI2025-950x595-c-default.png\"\n                         alt=\"MISSION LOCALE LOUVIERS-VAL DE REUIL-ANDELLE\"\/>\n                <\/a>\n            \n                    <\/figure>\n    <\/div>\n\t\t<\/div>\n\t\t\t\t<\/div>\n\t\t\t\t\t<\/div>\n\t\t\t\t<\/div>\n\t\t\t\t<\/div>\n\t\t","protected":false},"excerpt":{"rendered":"<p>\ud835\udddd\ud835\uddfc\ud835\ude02\ud835\uddff\ud835\uddfb\ud835\uddf2\u0301\ud835\uddf2\ud835\ude00 \ud835\uddfb\ud835\uddee\ud835\ude01\ud835\uddf6\ud835\uddfc\ud835\uddfb\ud835\uddee\ud835\uddf9\ud835\uddf2\ud835\ude00 \ud835\uddf1\u2019\ud835\uddee\ud835\uddf0\ud835\ude01\ud835\uddf6\ud835\uddfc\ud835\uddfb \ud835\uddf0\ud835\uddfc\ud835\uddfb\ud835\ude01\ud835\uddff\ud835\uddf2 \ud835\uddf9\u2019\ud835\uddf6\ud835\uddf9\ud835\uddf9\ud835\uddf2\ud835\ude01\ud835\ude01\ud835\uddff\ud835\uddf6\ud835\ude00\ud835\uddfa\ud835\uddf2 : Des mots pour le dire Rencontrer des difficult\u00e9s pour lire, \u00e9crire, compter, utiliser le num\u00e9rique a des cons\u00e9quences sur la vie quotidienne de nombreux adultes. Les moins de 30 ans aussi sont concern\u00e9s. L\u2019illettrisme concerne 1,5 million de personnes en France. Ces adultes ont \u00e9t\u00e9 scolaris\u00e9s mais n\u2019ont pas [&hellip;]<\/p>\n","protected":false},"author":17,"featured_media":1632,"comment_status":"closed","ping_status":"closed","sticky":false,"template":"","format":"standard","meta":{"_acf_changed":false,"_crosspost_to_1":false,"_crosspost_to_2":false,"_crosspost_to_3":false,"_crosspost_to_4":false,"_crosspost_to_5":false,"_crosspost_to_6":false,"_crosspost_to_7":false,"_crosspost_to_8":false,"_crosspost_to_11":false,"_crosspost_to_13":false,"_crosspost_to_14":false,"_crosspost_to_15":false,"_crosspost_to_16":false,"inline_featured_image":false,"footnotes":""},"categories":[7],"tags":[],"acf":[],"yoast_head":"<!-- This site is optimized with the Yoast SEO plugin v21.9.1 - https:\/\/yoast.com\/wordpress\/plugins\/seo\/ -->\n<title>JNAI2025 : DES MOTS POUR LE DIRE - MISSION LOCALE LOUVIERS-VAL DE REUIL-ANDELLE<\/title>\n<meta name=\"robots\" content=\"index, follow, max-snippet:-1, max-image-preview:large, max-video-preview:-1\" \/>\n<link rel=\"canonical\" href=\"https:\/\/www.missionslocalesnormandie.fr\/mission-locale-louviers-valdereuil-andelle\/2025\/08\/25\/des-mots-pour-le-dire\/\" \/>\n<meta property=\"og:locale\" content=\"fr_FR\" \/>\n<meta property=\"og:type\" content=\"article\" \/>\n<meta property=\"og:title\" content=\"JNAI2025 : DES MOTS POUR LE DIRE - MISSION LOCALE LOUVIERS-VAL DE REUIL-ANDELLE\" \/>\n<meta property=\"og:description\" content=\"\ud835\udddd\ud835\uddfc\ud835\ude02\ud835\uddff\ud835\uddfb\ud835\uddf2\u0301\ud835\uddf2\ud835\ude00 \ud835\uddfb\ud835\uddee\ud835\ude01\ud835\uddf6\ud835\uddfc\ud835\uddfb\ud835\uddee\ud835\uddf9\ud835\uddf2\ud835\ude00 \ud835\uddf1\u2019\ud835\uddee\ud835\uddf0\ud835\ude01\ud835\uddf6\ud835\uddfc\ud835\uddfb \ud835\uddf0\ud835\uddfc\ud835\uddfb\ud835\ude01\ud835\uddff\ud835\uddf2 \ud835\uddf9\u2019\ud835\uddf6\ud835\uddf9\ud835\uddf9\ud835\uddf2\ud835\ude01\ud835\ude01\ud835\uddff\ud835\uddf6\ud835\ude00\ud835\uddfa\ud835\uddf2 : Des mots pour le dire Rencontrer des difficult\u00e9s pour lire, \u00e9crire, compter, utiliser le num\u00e9rique a des cons\u00e9quences sur la vie quotidienne de nombreux adultes. Les moins de 30 ans aussi sont concern\u00e9s. L\u2019illettrisme concerne 1,5 million de personnes en France. Ces adultes ont \u00e9t\u00e9 scolaris\u00e9s mais n\u2019ont pas [&hellip;]\" \/>\n<meta property=\"og:url\" content=\"https:\/\/www.missionslocalesnormandie.fr\/mission-locale-louviers-valdereuil-andelle\/2025\/08\/25\/des-mots-pour-le-dire\/\" \/>\n<meta property=\"og:site_name\" content=\"MISSION LOCALE LOUVIERS-VAL DE REUIL-ANDELLE\" \/>\n<meta property=\"article:published_time\" content=\"2025-08-25T10:12:25+00:00\" \/>\n<meta property=\"article:modified_time\" content=\"2025-08-25T10:19:26+00:00\" \/>\n<meta property=\"og:image\" content=\"https:\/\/www.missionslocalesnormandie.fr\/content\/uploads\/sites\/12\/2025\/08\/ProgrammeJNAI2025.png\" \/>\n\t<meta property=\"og:image:width\" content=\"1587\" \/>\n\t<meta property=\"og:image:height\" content=\"2245\" \/>\n\t<meta property=\"og:image:type\" content=\"image\/png\" \/>\n<meta name=\"author\" content=\"jlefrancois\" \/>\n<meta name=\"twitter:card\" content=\"summary_large_image\" \/>\n<meta name=\"twitter:label1\" content=\"\u00c9crit par\" \/>\n\t<meta name=\"twitter:data1\" content=\"jlefrancois\" \/>\n\t<meta name=\"twitter:label2\" content=\"Dur\u00e9e de lecture estim\u00e9e\" \/>\n\t<meta name=\"twitter:data2\" content=\"2 minutes\" \/>\n<script type=\"application\/ld+json\" class=\"yoast-schema-graph\">{\"@context\":\"https:\/\/schema.org\",\"@graph\":[{\"@type\":\"WebPage\",\"@id\":\"https:\/\/www.missionslocalesnormandie.fr\/mission-locale-louviers-valdereuil-andelle\/2025\/08\/25\/des-mots-pour-le-dire\/\",\"url\":\"https:\/\/www.missionslocalesnormandie.fr\/mission-locale-louviers-valdereuil-andelle\/2025\/08\/25\/des-mots-pour-le-dire\/\",\"name\":\"JNAI2025 : DES MOTS POUR LE DIRE - MISSION LOCALE LOUVIERS-VAL DE REUIL-ANDELLE\",\"isPartOf\":{\"@id\":\"https:\/\/www.missionslocalesnormandie.fr\/mission-locale-louviers-valdereuil-andelle\/#website\"},\"datePublished\":\"2025-08-25T10:12:25+00:00\",\"dateModified\":\"2025-08-25T10:19:26+00:00\",\"author\":{\"@id\":\"https:\/\/www.missionslocalesnormandie.fr\/mission-locale-louviers-valdereuil-andelle\/#\/schema\/person\/2c117bd21faa9ab941802970f971e9a1\"},\"breadcrumb\":{\"@id\":\"https:\/\/www.missionslocalesnormandie.fr\/mission-locale-louviers-valdereuil-andelle\/2025\/08\/25\/des-mots-pour-le-dire\/#breadcrumb\"},\"inLanguage\":\"fr-FR\",\"potentialAction\":[{\"@type\":\"ReadAction\",\"target\":[\"https:\/\/www.missionslocalesnormandie.fr\/mission-locale-louviers-valdereuil-andelle\/2025\/08\/25\/des-mots-pour-le-dire\/\"]}]},{\"@type\":\"BreadcrumbList\",\"@id\":\"https:\/\/www.missionslocalesnormandie.fr\/mission-locale-louviers-valdereuil-andelle\/2025\/08\/25\/des-mots-pour-le-dire\/#breadcrumb\",\"itemListElement\":[{\"@type\":\"ListItem\",\"position\":1,\"name\":\"Home\",\"item\":\"https:\/\/www.missionslocalesnormandie.fr\/mission-locale-louviers-valdereuil-andelle\/\"},{\"@type\":\"ListItem\",\"position\":2,\"name\":\"Actualit\u00e9s\",\"item\":\"https:\/\/www.missionslocalesnormandie.fr\/mission-locale-louviers-valdereuil-andelle\/actualites\/\"},{\"@type\":\"ListItem\",\"position\":3,\"name\":\"JNAI2025 : DES MOTS POUR LE DIRE\"}]},{\"@type\":\"WebSite\",\"@id\":\"https:\/\/www.missionslocalesnormandie.fr\/mission-locale-louviers-valdereuil-andelle\/#website\",\"url\":\"https:\/\/www.missionslocalesnormandie.fr\/mission-locale-louviers-valdereuil-andelle\/\",\"name\":\"MISSION LOCALE LOUVIERS-VAL DE REUIL-ANDELLE\",\"description\":\"\",\"potentialAction\":[{\"@type\":\"SearchAction\",\"target\":{\"@type\":\"EntryPoint\",\"urlTemplate\":\"https:\/\/www.missionslocalesnormandie.fr\/mission-locale-louviers-valdereuil-andelle\/?s={search_term_string}\"},\"query-input\":\"required name=search_term_string\"}],\"inLanguage\":\"fr-FR\"},{\"@type\":\"Person\",\"@id\":\"https:\/\/www.missionslocalesnormandie.fr\/mission-locale-louviers-valdereuil-andelle\/#\/schema\/person\/2c117bd21faa9ab941802970f971e9a1\",\"name\":\"jlefrancois\",\"image\":{\"@type\":\"ImageObject\",\"inLanguage\":\"fr-FR\",\"@id\":\"https:\/\/www.missionslocalesnormandie.fr\/mission-locale-louviers-valdereuil-andelle\/#\/schema\/person\/image\/\",\"url\":\"https:\/\/secure.gravatar.com\/avatar\/585819a91e98c25c6a2561497a612d6d?s=96&d=mm&r=g\",\"contentUrl\":\"https:\/\/secure.gravatar.com\/avatar\/585819a91e98c25c6a2561497a612d6d?s=96&d=mm&r=g\",\"caption\":\"jlefrancois\"},\"url\":\"https:\/\/www.missionslocalesnormandie.fr\/mission-locale-louviers-valdereuil-andelle\/author\/jlefrancois\/\"}]}<\/script>\n<!-- \/ Yoast SEO plugin. -->","yoast_head_json":{"title":"JNAI2025 : DES MOTS POUR LE DIRE - MISSION LOCALE LOUVIERS-VAL DE REUIL-ANDELLE","robots":{"index":"index","follow":"follow","max-snippet":"max-snippet:-1","max-image-preview":"max-image-preview:large","max-video-preview":"max-video-preview:-1"},"canonical":"https:\/\/www.missionslocalesnormandie.fr\/mission-locale-louviers-valdereuil-andelle\/2025\/08\/25\/des-mots-pour-le-dire\/","og_locale":"fr_FR","og_type":"article","og_title":"JNAI2025 : DES MOTS POUR LE DIRE - MISSION LOCALE LOUVIERS-VAL DE REUIL-ANDELLE","og_description":"\ud835\udddd\ud835\uddfc\ud835\ude02\ud835\uddff\ud835\uddfb\ud835\uddf2\u0301\ud835\uddf2\ud835\ude00 \ud835\uddfb\ud835\uddee\ud835\ude01\ud835\uddf6\ud835\uddfc\ud835\uddfb\ud835\uddee\ud835\uddf9\ud835\uddf2\ud835\ude00 \ud835\uddf1\u2019\ud835\uddee\ud835\uddf0\ud835\ude01\ud835\uddf6\ud835\uddfc\ud835\uddfb \ud835\uddf0\ud835\uddfc\ud835\uddfb\ud835\ude01\ud835\uddff\ud835\uddf2 \ud835\uddf9\u2019\ud835\uddf6\ud835\uddf9\ud835\uddf9\ud835\uddf2\ud835\ude01\ud835\ude01\ud835\uddff\ud835\uddf6\ud835\ude00\ud835\uddfa\ud835\uddf2 : Des mots pour le dire Rencontrer des difficult\u00e9s pour lire, \u00e9crire, compter, utiliser le num\u00e9rique a des cons\u00e9quences sur la vie quotidienne de nombreux adultes. Les moins de 30 ans aussi sont concern\u00e9s. L\u2019illettrisme concerne 1,5 million de personnes en France. Ces adultes ont \u00e9t\u00e9 scolaris\u00e9s mais n\u2019ont pas [&hellip;]","og_url":"https:\/\/www.missionslocalesnormandie.fr\/mission-locale-louviers-valdereuil-andelle\/2025\/08\/25\/des-mots-pour-le-dire\/","og_site_name":"MISSION LOCALE LOUVIERS-VAL DE REUIL-ANDELLE","article_published_time":"2025-08-25T10:12:25+00:00","article_modified_time":"2025-08-25T10:19:26+00:00","og_image":[{"width":1587,"height":2245,"url":"https:\/\/www.missionslocalesnormandie.fr\/content\/uploads\/sites\/12\/2025\/08\/ProgrammeJNAI2025.png","type":"image\/png"}],"author":"jlefrancois","twitter_card":"summary_large_image","twitter_misc":{"\u00c9crit par":"jlefrancois","Dur\u00e9e de lecture estim\u00e9e":"2 minutes"},"schema":{"@context":"https:\/\/schema.org","@graph":[{"@type":"WebPage","@id":"https:\/\/www.missionslocalesnormandie.fr\/mission-locale-louviers-valdereuil-andelle\/2025\/08\/25\/des-mots-pour-le-dire\/","url":"https:\/\/www.missionslocalesnormandie.fr\/mission-locale-louviers-valdereuil-andelle\/2025\/08\/25\/des-mots-pour-le-dire\/","name":"JNAI2025 : DES MOTS POUR LE DIRE - MISSION LOCALE LOUVIERS-VAL DE REUIL-ANDELLE","isPartOf":{"@id":"https:\/\/www.missionslocalesnormandie.fr\/mission-locale-louviers-valdereuil-andelle\/#website"},"datePublished":"2025-08-25T10:12:25+00:00","dateModified":"2025-08-25T10:19:26+00:00","author":{"@id":"https:\/\/www.missionslocalesnormandie.fr\/mission-locale-louviers-valdereuil-andelle\/#\/schema\/person\/2c117bd21faa9ab941802970f971e9a1"},"breadcrumb":{"@id":"https:\/\/www.missionslocalesnormandie.fr\/mission-locale-louviers-valdereuil-andelle\/2025\/08\/25\/des-mots-pour-le-dire\/#breadcrumb"},"inLanguage":"fr-FR","potentialAction":[{"@type":"ReadAction","target":["https:\/\/www.missionslocalesnormandie.fr\/mission-locale-louviers-valdereuil-andelle\/2025\/08\/25\/des-mots-pour-le-dire\/"]}]},{"@type":"BreadcrumbList","@id":"https:\/\/www.missionslocalesnormandie.fr\/mission-locale-louviers-valdereuil-andelle\/2025\/08\/25\/des-mots-pour-le-dire\/#breadcrumb","itemListElement":[{"@type":"ListItem","position":1,"name":"Home","item":"https:\/\/www.missionslocalesnormandie.fr\/mission-locale-louviers-valdereuil-andelle\/"},{"@type":"ListItem","position":2,"name":"Actualit\u00e9s","item":"https:\/\/www.missionslocalesnormandie.fr\/mission-locale-louviers-valdereuil-andelle\/actualites\/"},{"@type":"ListItem","position":3,"name":"JNAI2025 : DES MOTS POUR LE DIRE"}]},{"@type":"WebSite","@id":"https:\/\/www.missionslocalesnormandie.fr\/mission-locale-louviers-valdereuil-andelle\/#website","url":"https:\/\/www.missionslocalesnormandie.fr\/mission-locale-louviers-valdereuil-andelle\/","name":"MISSION LOCALE LOUVIERS-VAL DE REUIL-ANDELLE","description":"","potentialAction":[{"@type":"SearchAction","target":{"@type":"EntryPoint","urlTemplate":"https:\/\/www.missionslocalesnormandie.fr\/mission-locale-louviers-valdereuil-andelle\/?s={search_term_string}"},"query-input":"required name=search_term_string"}],"inLanguage":"fr-FR"},{"@type":"Person","@id":"https:\/\/www.missionslocalesnormandie.fr\/mission-locale-louviers-valdereuil-andelle\/#\/schema\/person\/2c117bd21faa9ab941802970f971e9a1","name":"jlefrancois","image":{"@type":"ImageObject","inLanguage":"fr-FR","@id":"https:\/\/www.missionslocalesnormandie.fr\/mission-locale-louviers-valdereuil-andelle\/#\/schema\/person\/image\/","url":"https:\/\/secure.gravatar.com\/avatar\/585819a91e98c25c6a2561497a612d6d?s=96&d=mm&r=g","contentUrl":"https:\/\/secure.gravatar.com\/avatar\/585819a91e98c25c6a2561497a612d6d?s=96&d=mm&r=g","caption":"jlefrancois"},"url":"https:\/\/www.missionslocalesnormandie.fr\/mission-locale-louviers-valdereuil-andelle\/author\/jlefrancois\/"}]}},"_links":{"self":[{"href":"https:\/\/www.missionslocalesnormandie.fr\/mission-locale-louviers-valdereuil-andelle\/wp-json\/wp\/v2\/posts\/1630"}],"collection":[{"href":"https:\/\/www.missionslocalesnormandie.fr\/mission-locale-louviers-valdereuil-andelle\/wp-json\/wp\/v2\/posts"}],"about":[{"href":"https:\/\/www.missionslocalesnormandie.fr\/mission-locale-louviers-valdereuil-andelle\/wp-json\/wp\/v2\/types\/post"}],"author":[{"embeddable":true,"href":"https:\/\/www.missionslocalesnormandie.fr\/mission-locale-louviers-valdereuil-andelle\/wp-json\/wp\/v2\/users\/17"}],"replies":[{"embeddable":true,"href":"https:\/\/www.missionslocalesnormandie.fr\/mission-locale-louviers-valdereuil-andelle\/wp-json\/wp\/v2\/comments?post=1630"}],"version-history":[{"count":6,"href":"https:\/\/www.missionslocalesnormandie.fr\/mission-locale-louviers-valdereuil-andelle\/wp-json\/wp\/v2\/posts\/1630\/revisions"}],"predecessor-version":[{"id":1640,"href":"https:\/\/www.missionslocalesnormandie.fr\/mission-locale-louviers-valdereuil-andelle\/wp-json\/wp\/v2\/posts\/1630\/revisions\/1640"}],"wp:featuredmedia":[{"embeddable":true,"href":"https:\/\/www.missionslocalesnormandie.fr\/mission-locale-louviers-valdereuil-andelle\/wp-json\/wp\/v2\/media\/1632"}],"wp:attachment":[{"href":"https:\/\/www.missionslocalesnormandie.fr\/mission-locale-louviers-valdereuil-andelle\/wp-json\/wp\/v2\/media?parent=1630"}],"wp:term":[{"taxonomy":"category","embeddable":true,"href":"https:\/\/www.missionslocalesnormandie.fr\/mission-locale-louviers-valdereuil-andelle\/wp-json\/wp\/v2\/categories?post=1630"},{"taxonomy":"post_tag","embeddable":true,"href":"https:\/\/www.missionslocalesnormandie.fr\/mission-locale-louviers-valdereuil-andelle\/wp-json\/wp\/v2\/tags?post=1630"}],"curies":[{"name":"wp","href":"https:\/\/api.w.org\/{rel}","templated":true}]}}