{"id":1764,"date":"2026-01-27T11:05:16","date_gmt":"2026-01-27T10:05:16","guid":{"rendered":"https:\/\/www.missionslocalesnormandie.fr\/mission-locale-louviers-valdereuil-andelle\/?p=1764"},"modified":"2026-01-27T11:22:09","modified_gmt":"2026-01-27T10:22:09","slug":"apres-le-decrochage-se-reconcilier-avec-lecole","status":"publish","type":"post","link":"https:\/\/www.missionslocalesnormandie.fr\/mission-locale-louviers-valdereuil-andelle\/2026\/01\/27\/apres-le-decrochage-se-reconcilier-avec-lecole\/","title":{"rendered":"APRES LE DECROCHAGE, SE RECONCILIER AVEC L&#8217;ECOLE"},"content":{"rendered":"\t\t<div data-elementor-type=\"wp-post\" data-elementor-id=\"1764\" class=\"elementor elementor-1764\">\n\t\t\t\t<div class=\"elementor-element elementor-element-6da64c06 e-flex e-con-boxed e-con e-parent\" data-id=\"6da64c06\" data-element_type=\"container\">\n\t\t\t\t\t<div class=\"e-con-inner\">\n\t\t\t\t<div class=\"elementor-element elementor-element-183352a0 elementor-widget elementor-widget-text-editor\" data-id=\"183352a0\" data-element_type=\"widget\" data-widget_type=\"text-editor.default\">\n\t\t\t\t<div class=\"elementor-widget-container\">\n\t\t\t\t\t\t\t<p>Chaque ann\u00e9e, pr\u00e8s de 76 000 jeunes quittent le syst\u00e8me scolaire fran\u00e7ais sans dipl\u00f4me ni qualification. Les raisons sont multiples : probl\u00e8mes familiaux familiaux, phobie scolaire ou troubles de l&#8217;apprentissage.<span style=\"font-size: 1rem\">Ces jeunes en rupture de scolarit\u00e9 auront (statistiquement) beaucoup plus de mal \u00e0 trouver un emploi. Selon les calculs du cabinet &#8220;Boston Consulting Group&#8221;, une personne dont le dipl\u00f4me le plus \u00e9lev\u00e9 est le brevet g\u00e9n\u00e8rera tout au long de sa vie active un surco\u00fbt pour la soci\u00e9t\u00e9 d\u2019environ 340 000 euros. L\u2019enjeu est majeur.<\/span><\/p>\n<p>Nous vous proposons de retrouver ce Grand Reportage, s\u00e9rie audio r\u00e9alis\u00e9e par France Culture avec entre autre comme invit\u00e9 :<\/p>\n<ul class=\"svelte-ccn03w\">\n<li class=\"qg-tx2 qg-xtra-lh svelte-ccn03w\"><span class=\"qg-st4\">Amel Kouza<\/span>,&nbsp;<span class=\"Expression-guests-role\">responsable de l\u2019Institut Bertrand Schwartz, contributrice, coordinatrice et r\u00e9dactrice en chef de la Revue.<\/span><\/li>\n<li><a href=\"https:\/\/www.radiofrance.fr\/franceculture\/podcasts\/grand-reportage\/apres-le-decrochage-se-reconcilier-avec-l-ecole-5392604\">https:\/\/www.radiofrance.fr\/franceculture\/podcasts\/grand-reportage\/apres-le-decrochage-se-reconcilier-avec-l-ecole-5392604<\/a><\/li>\n<\/ul>\n<p>Bonne \u00e9coute<\/p>\t\t\t\t\t\t<\/div>\n\t\t\t\t<\/div>\n\t\t\t\t<div class=\"elementor-element elementor-element-abb33cc elementor-widget elementor-widget-block_simple_texte\" data-id=\"abb33cc\" data-element_type=\"widget\" data-widget_type=\"block_simple_texte.default\">\n\t\t\t\t<div class=\"elementor-widget-container\">\n\t\t\t    <div class=\"container\">\n        <p><img fetchpriority=\"high\" decoding=\"async\" class=\"alignnone size-medium wp-image-1765\" src=\"https:\/\/www.missionslocalesnormandie.fr\/content\/uploads\/sites\/12\/2026\/01\/Capture-decran-2026-01-27-110445-278x300.png\" alt=\"\" width=\"278\" height=\"300\" srcset=\"https:\/\/www.missionslocalesnormandie.fr\/content\/uploads\/sites\/12\/2026\/01\/Capture-decran-2026-01-27-110445-278x300.png 278w, https:\/\/www.missionslocalesnormandie.fr\/content\/uploads\/sites\/12\/2026\/01\/Capture-decran-2026-01-27-110445.png 284w\" sizes=\"(max-width: 278px) 100vw, 278px\" \/><\/p>\n    <\/div>\n\t\t<\/div>\n\t\t\t\t<\/div>\n\t\t\t\t\t<\/div>\n\t\t\t\t<\/div>\n\t\t\t\t<\/div>\n\t\t","protected":false},"excerpt":{"rendered":"<p>Chaque ann\u00e9e, pr\u00e8s de 76 000 jeunes quittent le syst\u00e8me scolaire fran\u00e7ais sans dipl\u00f4me ni qualification. Les raisons sont multiples : probl\u00e8mes familiaux familiaux, phobie scolaire ou troubles de l&#8217;apprentissage.Ces jeunes en rupture de scolarit\u00e9 auront (statistiquement) beaucoup plus de mal \u00e0 trouver un emploi. Selon les calculs du cabinet &#8220;Boston Consulting Group&#8221;, une personne [&hellip;]<\/p>\n","protected":false},"author":17,"featured_media":1765,"comment_status":"closed","ping_status":"closed","sticky":true,"template":"","format":"standard","meta":{"_acf_changed":false,"_crosspost_to_1":false,"_crosspost_to_2":false,"_crosspost_to_3":false,"_crosspost_to_4":false,"_crosspost_to_5":false,"_crosspost_to_6":false,"_crosspost_to_7":false,"_crosspost_to_8":false,"_crosspost_to_11":false,"_crosspost_to_13":false,"_crosspost_to_14":false,"_crosspost_to_15":false,"_crosspost_to_16":false,"inline_featured_image":false,"footnotes":""},"categories":[7,8],"tags":[],"acf":[],"yoast_head":"<!-- This site is optimized with the Yoast SEO plugin v21.9.1 - https:\/\/yoast.com\/wordpress\/plugins\/seo\/ -->\n<title>APRES LE DECROCHAGE, SE RECONCILIER AVEC L&#039;ECOLE - MISSION LOCALE LOUVIERS-VAL DE REUIL-ANDELLE<\/title>\n<meta name=\"robots\" content=\"index, follow, max-snippet:-1, max-image-preview:large, max-video-preview:-1\" \/>\n<link rel=\"canonical\" href=\"https:\/\/www.missionslocalesnormandie.fr\/mission-locale-louviers-valdereuil-andelle\/2026\/01\/27\/apres-le-decrochage-se-reconcilier-avec-lecole\/\" \/>\n<meta property=\"og:locale\" content=\"fr_FR\" \/>\n<meta property=\"og:type\" content=\"article\" \/>\n<meta property=\"og:title\" content=\"APRES LE DECROCHAGE, SE RECONCILIER AVEC L&#039;ECOLE - MISSION LOCALE LOUVIERS-VAL DE REUIL-ANDELLE\" \/>\n<meta property=\"og:description\" content=\"Chaque ann\u00e9e, pr\u00e8s de 76 000 jeunes quittent le syst\u00e8me scolaire fran\u00e7ais sans dipl\u00f4me ni qualification. Les raisons sont multiples : probl\u00e8mes familiaux familiaux, phobie scolaire ou troubles de l&#8217;apprentissage.Ces jeunes en rupture de scolarit\u00e9 auront (statistiquement) beaucoup plus de mal \u00e0 trouver un emploi. Selon les calculs du cabinet &#8220;Boston Consulting Group&#8221;, une personne [&hellip;]\" \/>\n<meta property=\"og:url\" content=\"https:\/\/www.missionslocalesnormandie.fr\/mission-locale-louviers-valdereuil-andelle\/2026\/01\/27\/apres-le-decrochage-se-reconcilier-avec-lecole\/\" \/>\n<meta property=\"og:site_name\" content=\"MISSION LOCALE LOUVIERS-VAL DE REUIL-ANDELLE\" \/>\n<meta property=\"article:published_time\" content=\"2026-01-27T10:05:16+00:00\" \/>\n<meta property=\"article:modified_time\" content=\"2026-01-27T10:22:09+00:00\" \/>\n<meta property=\"og:image\" content=\"https:\/\/www.missionslocalesnormandie.fr\/content\/uploads\/sites\/12\/2026\/01\/Capture-decran-2026-01-27-110445.png\" \/>\n\t<meta property=\"og:image:width\" content=\"284\" \/>\n\t<meta property=\"og:image:height\" content=\"307\" \/>\n\t<meta property=\"og:image:type\" content=\"image\/png\" \/>\n<meta name=\"author\" content=\"jlefrancois\" \/>\n<meta name=\"twitter:card\" content=\"summary_large_image\" \/>\n<meta name=\"twitter:label1\" content=\"\u00c9crit par\" \/>\n\t<meta name=\"twitter:data1\" content=\"jlefrancois\" \/>\n\t<meta name=\"twitter:label2\" content=\"Dur\u00e9e de lecture estim\u00e9e\" \/>\n\t<meta name=\"twitter:data2\" content=\"1 minute\" \/>\n<script type=\"application\/ld+json\" class=\"yoast-schema-graph\">{\"@context\":\"https:\/\/schema.org\",\"@graph\":[{\"@type\":\"WebPage\",\"@id\":\"https:\/\/www.missionslocalesnormandie.fr\/mission-locale-louviers-valdereuil-andelle\/2026\/01\/27\/apres-le-decrochage-se-reconcilier-avec-lecole\/\",\"url\":\"https:\/\/www.missionslocalesnormandie.fr\/mission-locale-louviers-valdereuil-andelle\/2026\/01\/27\/apres-le-decrochage-se-reconcilier-avec-lecole\/\",\"name\":\"APRES LE DECROCHAGE, SE RECONCILIER AVEC L'ECOLE - MISSION LOCALE LOUVIERS-VAL DE REUIL-ANDELLE\",\"isPartOf\":{\"@id\":\"https:\/\/www.missionslocalesnormandie.fr\/mission-locale-louviers-valdereuil-andelle\/#website\"},\"datePublished\":\"2026-01-27T10:05:16+00:00\",\"dateModified\":\"2026-01-27T10:22:09+00:00\",\"author\":{\"@id\":\"https:\/\/www.missionslocalesnormandie.fr\/mission-locale-louviers-valdereuil-andelle\/#\/schema\/person\/2c117bd21faa9ab941802970f971e9a1\"},\"breadcrumb\":{\"@id\":\"https:\/\/www.missionslocalesnormandie.fr\/mission-locale-louviers-valdereuil-andelle\/2026\/01\/27\/apres-le-decrochage-se-reconcilier-avec-lecole\/#breadcrumb\"},\"inLanguage\":\"fr-FR\",\"potentialAction\":[{\"@type\":\"ReadAction\",\"target\":[\"https:\/\/www.missionslocalesnormandie.fr\/mission-locale-louviers-valdereuil-andelle\/2026\/01\/27\/apres-le-decrochage-se-reconcilier-avec-lecole\/\"]}]},{\"@type\":\"BreadcrumbList\",\"@id\":\"https:\/\/www.missionslocalesnormandie.fr\/mission-locale-louviers-valdereuil-andelle\/2026\/01\/27\/apres-le-decrochage-se-reconcilier-avec-lecole\/#breadcrumb\",\"itemListElement\":[{\"@type\":\"ListItem\",\"position\":1,\"name\":\"Home\",\"item\":\"https:\/\/www.missionslocalesnormandie.fr\/mission-locale-louviers-valdereuil-andelle\/\"},{\"@type\":\"ListItem\",\"position\":2,\"name\":\"Actualit\u00e9s\",\"item\":\"https:\/\/www.missionslocalesnormandie.fr\/mission-locale-louviers-valdereuil-andelle\/actualites\/\"},{\"@type\":\"ListItem\",\"position\":3,\"name\":\"APRES LE DECROCHAGE, SE RECONCILIER AVEC L&#8217;ECOLE\"}]},{\"@type\":\"WebSite\",\"@id\":\"https:\/\/www.missionslocalesnormandie.fr\/mission-locale-louviers-valdereuil-andelle\/#website\",\"url\":\"https:\/\/www.missionslocalesnormandie.fr\/mission-locale-louviers-valdereuil-andelle\/\",\"name\":\"MISSION LOCALE LOUVIERS-VAL DE REUIL-ANDELLE\",\"description\":\"\",\"potentialAction\":[{\"@type\":\"SearchAction\",\"target\":{\"@type\":\"EntryPoint\",\"urlTemplate\":\"https:\/\/www.missionslocalesnormandie.fr\/mission-locale-louviers-valdereuil-andelle\/?s={search_term_string}\"},\"query-input\":\"required name=search_term_string\"}],\"inLanguage\":\"fr-FR\"},{\"@type\":\"Person\",\"@id\":\"https:\/\/www.missionslocalesnormandie.fr\/mission-locale-louviers-valdereuil-andelle\/#\/schema\/person\/2c117bd21faa9ab941802970f971e9a1\",\"name\":\"jlefrancois\",\"image\":{\"@type\":\"ImageObject\",\"inLanguage\":\"fr-FR\",\"@id\":\"https:\/\/www.missionslocalesnormandie.fr\/mission-locale-louviers-valdereuil-andelle\/#\/schema\/person\/image\/\",\"url\":\"https:\/\/secure.gravatar.com\/avatar\/585819a91e98c25c6a2561497a612d6d?s=96&d=mm&r=g\",\"contentUrl\":\"https:\/\/secure.gravatar.com\/avatar\/585819a91e98c25c6a2561497a612d6d?s=96&d=mm&r=g\",\"caption\":\"jlefrancois\"},\"url\":\"https:\/\/www.missionslocalesnormandie.fr\/mission-locale-louviers-valdereuil-andelle\/author\/jlefrancois\/\"}]}<\/script>\n<!-- \/ Yoast SEO plugin. -->","yoast_head_json":{"title":"APRES LE DECROCHAGE, SE RECONCILIER AVEC L'ECOLE - MISSION LOCALE LOUVIERS-VAL DE REUIL-ANDELLE","robots":{"index":"index","follow":"follow","max-snippet":"max-snippet:-1","max-image-preview":"max-image-preview:large","max-video-preview":"max-video-preview:-1"},"canonical":"https:\/\/www.missionslocalesnormandie.fr\/mission-locale-louviers-valdereuil-andelle\/2026\/01\/27\/apres-le-decrochage-se-reconcilier-avec-lecole\/","og_locale":"fr_FR","og_type":"article","og_title":"APRES LE DECROCHAGE, SE RECONCILIER AVEC L'ECOLE - MISSION LOCALE LOUVIERS-VAL DE REUIL-ANDELLE","og_description":"Chaque ann\u00e9e, pr\u00e8s de 76 000 jeunes quittent le syst\u00e8me scolaire fran\u00e7ais sans dipl\u00f4me ni qualification. Les raisons sont multiples : probl\u00e8mes familiaux familiaux, phobie scolaire ou troubles de l&#8217;apprentissage.Ces jeunes en rupture de scolarit\u00e9 auront (statistiquement) beaucoup plus de mal \u00e0 trouver un emploi. Selon les calculs du cabinet &#8220;Boston Consulting Group&#8221;, une personne [&hellip;]","og_url":"https:\/\/www.missionslocalesnormandie.fr\/mission-locale-louviers-valdereuil-andelle\/2026\/01\/27\/apres-le-decrochage-se-reconcilier-avec-lecole\/","og_site_name":"MISSION LOCALE LOUVIERS-VAL DE REUIL-ANDELLE","article_published_time":"2026-01-27T10:05:16+00:00","article_modified_time":"2026-01-27T10:22:09+00:00","og_image":[{"width":284,"height":307,"url":"https:\/\/www.missionslocalesnormandie.fr\/content\/uploads\/sites\/12\/2026\/01\/Capture-decran-2026-01-27-110445.png","type":"image\/png"}],"author":"jlefrancois","twitter_card":"summary_large_image","twitter_misc":{"\u00c9crit par":"jlefrancois","Dur\u00e9e de lecture estim\u00e9e":"1 minute"},"schema":{"@context":"https:\/\/schema.org","@graph":[{"@type":"WebPage","@id":"https:\/\/www.missionslocalesnormandie.fr\/mission-locale-louviers-valdereuil-andelle\/2026\/01\/27\/apres-le-decrochage-se-reconcilier-avec-lecole\/","url":"https:\/\/www.missionslocalesnormandie.fr\/mission-locale-louviers-valdereuil-andelle\/2026\/01\/27\/apres-le-decrochage-se-reconcilier-avec-lecole\/","name":"APRES LE DECROCHAGE, SE RECONCILIER AVEC L'ECOLE - MISSION LOCALE LOUVIERS-VAL DE REUIL-ANDELLE","isPartOf":{"@id":"https:\/\/www.missionslocalesnormandie.fr\/mission-locale-louviers-valdereuil-andelle\/#website"},"datePublished":"2026-01-27T10:05:16+00:00","dateModified":"2026-01-27T10:22:09+00:00","author":{"@id":"https:\/\/www.missionslocalesnormandie.fr\/mission-locale-louviers-valdereuil-andelle\/#\/schema\/person\/2c117bd21faa9ab941802970f971e9a1"},"breadcrumb":{"@id":"https:\/\/www.missionslocalesnormandie.fr\/mission-locale-louviers-valdereuil-andelle\/2026\/01\/27\/apres-le-decrochage-se-reconcilier-avec-lecole\/#breadcrumb"},"inLanguage":"fr-FR","potentialAction":[{"@type":"ReadAction","target":["https:\/\/www.missionslocalesnormandie.fr\/mission-locale-louviers-valdereuil-andelle\/2026\/01\/27\/apres-le-decrochage-se-reconcilier-avec-lecole\/"]}]},{"@type":"BreadcrumbList","@id":"https:\/\/www.missionslocalesnormandie.fr\/mission-locale-louviers-valdereuil-andelle\/2026\/01\/27\/apres-le-decrochage-se-reconcilier-avec-lecole\/#breadcrumb","itemListElement":[{"@type":"ListItem","position":1,"name":"Home","item":"https:\/\/www.missionslocalesnormandie.fr\/mission-locale-louviers-valdereuil-andelle\/"},{"@type":"ListItem","position":2,"name":"Actualit\u00e9s","item":"https:\/\/www.missionslocalesnormandie.fr\/mission-locale-louviers-valdereuil-andelle\/actualites\/"},{"@type":"ListItem","position":3,"name":"APRES LE DECROCHAGE, SE RECONCILIER AVEC L&#8217;ECOLE"}]},{"@type":"WebSite","@id":"https:\/\/www.missionslocalesnormandie.fr\/mission-locale-louviers-valdereuil-andelle\/#website","url":"https:\/\/www.missionslocalesnormandie.fr\/mission-locale-louviers-valdereuil-andelle\/","name":"MISSION LOCALE LOUVIERS-VAL DE REUIL-ANDELLE","description":"","potentialAction":[{"@type":"SearchAction","target":{"@type":"EntryPoint","urlTemplate":"https:\/\/www.missionslocalesnormandie.fr\/mission-locale-louviers-valdereuil-andelle\/?s={search_term_string}"},"query-input":"required name=search_term_string"}],"inLanguage":"fr-FR"},{"@type":"Person","@id":"https:\/\/www.missionslocalesnormandie.fr\/mission-locale-louviers-valdereuil-andelle\/#\/schema\/person\/2c117bd21faa9ab941802970f971e9a1","name":"jlefrancois","image":{"@type":"ImageObject","inLanguage":"fr-FR","@id":"https:\/\/www.missionslocalesnormandie.fr\/mission-locale-louviers-valdereuil-andelle\/#\/schema\/person\/image\/","url":"https:\/\/secure.gravatar.com\/avatar\/585819a91e98c25c6a2561497a612d6d?s=96&d=mm&r=g","contentUrl":"https:\/\/secure.gravatar.com\/avatar\/585819a91e98c25c6a2561497a612d6d?s=96&d=mm&r=g","caption":"jlefrancois"},"url":"https:\/\/www.missionslocalesnormandie.fr\/mission-locale-louviers-valdereuil-andelle\/author\/jlefrancois\/"}]}},"_links":{"self":[{"href":"https:\/\/www.missionslocalesnormandie.fr\/mission-locale-louviers-valdereuil-andelle\/wp-json\/wp\/v2\/posts\/1764"}],"collection":[{"href":"https:\/\/www.missionslocalesnormandie.fr\/mission-locale-louviers-valdereuil-andelle\/wp-json\/wp\/v2\/posts"}],"about":[{"href":"https:\/\/www.missionslocalesnormandie.fr\/mission-locale-louviers-valdereuil-andelle\/wp-json\/wp\/v2\/types\/post"}],"author":[{"embeddable":true,"href":"https:\/\/www.missionslocalesnormandie.fr\/mission-locale-louviers-valdereuil-andelle\/wp-json\/wp\/v2\/users\/17"}],"replies":[{"embeddable":true,"href":"https:\/\/www.missionslocalesnormandie.fr\/mission-locale-louviers-valdereuil-andelle\/wp-json\/wp\/v2\/comments?post=1764"}],"version-history":[{"count":7,"href":"https:\/\/www.missionslocalesnormandie.fr\/mission-locale-louviers-valdereuil-andelle\/wp-json\/wp\/v2\/posts\/1764\/revisions"}],"predecessor-version":[{"id":1773,"href":"https:\/\/www.missionslocalesnormandie.fr\/mission-locale-louviers-valdereuil-andelle\/wp-json\/wp\/v2\/posts\/1764\/revisions\/1773"}],"wp:featuredmedia":[{"embeddable":true,"href":"https:\/\/www.missionslocalesnormandie.fr\/mission-locale-louviers-valdereuil-andelle\/wp-json\/wp\/v2\/media\/1765"}],"wp:attachment":[{"href":"https:\/\/www.missionslocalesnormandie.fr\/mission-locale-louviers-valdereuil-andelle\/wp-json\/wp\/v2\/media?parent=1764"}],"wp:term":[{"taxonomy":"category","embeddable":true,"href":"https:\/\/www.missionslocalesnormandie.fr\/mission-locale-louviers-valdereuil-andelle\/wp-json\/wp\/v2\/categories?post=1764"},{"taxonomy":"post_tag","embeddable":true,"href":"https:\/\/www.missionslocalesnormandie.fr\/mission-locale-louviers-valdereuil-andelle\/wp-json\/wp\/v2\/tags?post=1764"}],"curies":[{"name":"wp","href":"https:\/\/api.w.org\/{rel}","templated":true}]}}