{"id":669,"date":"2024-01-29T16:23:37","date_gmt":"2024-01-29T15:23:37","guid":{"rendered":"https:\/\/www.missionslocalesnormandie.fr\/mission-locale-louviers-valdereuil-andelle\/?p=669"},"modified":"2024-06-12T14:43:39","modified_gmt":"2024-06-12T12:43:39","slug":"sensibilisation-a-la-non-discrimination","status":"publish","type":"post","link":"https:\/\/www.missionslocalesnormandie.fr\/mission-locale-louviers-valdereuil-andelle\/2024\/01\/29\/sensibilisation-a-la-non-discrimination\/","title":{"rendered":"Sensibilisation \u00e0 la non-discrimination"},"content":{"rendered":"\t\t<div data-elementor-type=\"wp-post\" data-elementor-id=\"669\" class=\"elementor elementor-669\">\n\t\t\t\t<div class=\"elementor-element elementor-element-6c8031ff e-flex e-con-boxed e-con e-parent\" data-id=\"6c8031ff\" data-element_type=\"container\">\n\t\t\t\t\t<div class=\"e-con-inner\">\n\t\t\t\t<div class=\"elementor-element elementor-element-71d34360 elementor-widget elementor-widget-text-editor\" data-id=\"71d34360\" data-element_type=\"widget\" data-widget_type=\"text-editor.default\">\n\t\t\t\t<div class=\"elementor-widget-container\">\n\t\t\t\t\t\t\t<p style=\"text-align: justify\">Engag\u00e9e dans une d\u00e9marche de sensibilisation \u00e0 la non-discrimination, aussi bien aupr\u00e8s de ses professionnels que des jeunes qu\u2019elle accompagne, la Mission Locale a pour volont\u00e9 de <strong>promouvoir une soci\u00e9t\u00e9 inclusive et respectueuse.<\/strong><\/p><p style=\"text-align: justify\"><strong>En s\u2019adressant \u00e0 la Mission Locale pour leurs d\u00e9marches d\u2019insertion sociale et professionnelle,\u00a0<\/strong><strong><u>tous les jeunes<\/u><\/strong><strong>\u00a0de 16 \u00e0 30 ans sortis du syst\u00e8me scolaire, de son territoire d\u2019intervention, b\u00e9n\u00e9ficient d\u2019une \u00e9coute et d\u2019un accompagnement personnalis\u00e9 selon leurs besoins,\u00a0<\/strong><strong><u>sans jugement et avec une \u00e9galit\u00e9 de traitement<\/u><\/strong><strong>.<\/strong><\/p><p style=\"text-align: justify\">C\u2019est ce qui fait que la Mission Locale dispose de plusieurs profils au sein de son public jeunes et propose une offre de service diversifi\u00e9e et adapt\u00e9e pour r\u00e9pondre \u00e0 chacun de ces profils.<\/p><p style=\"text-align: justify\">Comme tu l\u2019auras compris, la Mission Locale apporte une attention particuli\u00e8re \u00e0 ne pas discriminer son public.<\/p><p style=\"text-align: justify\"><strong>Mais, sais-tu\u00a0:<\/strong><\/p><ul style=\"text-align: justify\"><li>C\u2019est quoi une discrimination ?<\/li><li>Comment naissent-elles et quelles sont leurs cons\u00e9quences ?<\/li><li>Comment agir contre les discriminations ?<\/li><\/ul><p style=\"text-align: justify\"><strong>Pour y r\u00e9pondre, nous t\u2019invitons \u00e0 consulter cette vid\u00e9o<\/strong><strong>\u00a0<\/strong><strong>:<\/strong><\/p>\t\t\t\t\t\t<\/div>\n\t\t\t\t<\/div>\n\t\t\t\t\t<\/div>\n\t\t\t\t<\/div>\n\t\t<div class=\"elementor-element elementor-element-4fc3d8a e-flex e-con-boxed e-con e-parent\" data-id=\"4fc3d8a\" data-element_type=\"container\">\n\t\t\t\t\t<div class=\"e-con-inner\">\n\t\t<div class=\"elementor-element elementor-element-680ad44 e-con-full e-flex e-con e-child\" data-id=\"680ad44\" data-element_type=\"container\">\n\t\t\t\t<div class=\"elementor-element elementor-element-5c31b52 elementor-widget elementor-widget-block_simple_embed\" data-id=\"5c31b52\" data-element_type=\"widget\" data-widget_type=\"block_simple_embed.default\">\n\t\t\t\t<div class=\"elementor-widget-container\">\n\t\t\t<div class=\"container\">\n    <div class=\"embed-wrapper ratio ratio-16x9 my-4\">\n                <iframe src=\"https:\/\/www.youtube.com\/embed\/8tebEeIB8WY&amp;t=16s\"\n                allowfullscreen><\/iframe>\n            <\/div>\n<\/div>\t\t<\/div>\n\t\t\t\t<\/div>\n\t\t\t\t<\/div>\n\t\t<div class=\"elementor-element elementor-element-3ea9ca3 e-con-full e-flex e-con e-child\" data-id=\"3ea9ca3\" data-element_type=\"container\">\n\t\t\t\t<div class=\"elementor-element elementor-element-5a4417e elementor-widget elementor-widget-block_simple_visuel\" data-id=\"5a4417e\" data-element_type=\"widget\" data-widget_type=\"block_simple_visuel.default\">\n\t\t\t\t<div class=\"elementor-widget-container\">\n\t\t\t    <div class=\"container\">\n        <figure>\n                        \n                                                            <a href=\"https:\/\/www.missionslocalesnormandie.fr\/content\/uploads\/sites\/12\/2024\/04\/25-criteres-de-la-discrimination.png\">\n                    <img decoding=\"async\" src=\"https:\/\/www.missionslocalesnormandie.fr\/content\/uploads\/sites\/12\/2024\/04\/25-criteres-de-la-discrimination-950x595-c-default.png\"\n                         alt=\"MISSION LOCALE LOUVIERS-VAL DE REUIL-ANDELLE\"\/>\n                <\/a>\n            \n                    <\/figure>\n    <\/div>\n\t\t<\/div>\n\t\t\t\t<\/div>\n\t\t\t\t<\/div>\n\t\t\t\t\t<\/div>\n\t\t\t\t<\/div>\n\t\t\t\t<\/div>\n\t\t","protected":false},"excerpt":{"rendered":"<p>Engag\u00e9e dans une d\u00e9marche de sensibilisation \u00e0 la non-discrimination, aussi bien aupr\u00e8s de ses professionnels que des jeunes qu\u2019elle accompagne, la Mission Locale a pour volont\u00e9 de promouvoir une soci\u00e9t\u00e9 inclusive et respectueuse. En s\u2019adressant \u00e0 la Mission Locale pour leurs d\u00e9marches d\u2019insertion sociale et professionnelle,\u00a0tous les jeunes\u00a0de 16 \u00e0 30 ans sortis du syst\u00e8me [&hellip;]<\/p>\n","protected":false},"author":17,"featured_media":0,"comment_status":"open","ping_status":"open","sticky":false,"template":"elementor_theme","format":"standard","meta":{"_acf_changed":false,"_crosspost_to_1":false,"_crosspost_to_2":false,"_crosspost_to_3":false,"_crosspost_to_4":false,"_crosspost_to_5":false,"_crosspost_to_6":false,"_crosspost_to_7":false,"_crosspost_to_8":false,"_crosspost_to_11":false,"_crosspost_to_13":false,"_crosspost_to_14":false,"_crosspost_to_15":false,"_crosspost_to_16":false,"inline_featured_image":false,"footnotes":""},"categories":[6],"tags":[],"acf":[],"yoast_head":"<!-- This site is optimized with the Yoast SEO plugin v21.9.1 - https:\/\/yoast.com\/wordpress\/plugins\/seo\/ -->\n<title>Sensibilisation \u00e0 la non-discrimination - MISSION LOCALE LOUVIERS-VAL DE REUIL-ANDELLE<\/title>\n<meta name=\"robots\" content=\"index, follow, max-snippet:-1, max-image-preview:large, max-video-preview:-1\" \/>\n<link rel=\"canonical\" href=\"https:\/\/www.missionslocalesnormandie.fr\/mission-locale-louviers-valdereuil-andelle\/2024\/01\/29\/sensibilisation-a-la-non-discrimination\/\" \/>\n<meta property=\"og:locale\" content=\"fr_FR\" \/>\n<meta property=\"og:type\" content=\"article\" \/>\n<meta property=\"og:title\" content=\"Sensibilisation \u00e0 la non-discrimination - MISSION LOCALE LOUVIERS-VAL DE REUIL-ANDELLE\" \/>\n<meta property=\"og:description\" content=\"Engag\u00e9e dans une d\u00e9marche de sensibilisation \u00e0 la non-discrimination, aussi bien aupr\u00e8s de ses professionnels que des jeunes qu\u2019elle accompagne, la Mission Locale a pour volont\u00e9 de promouvoir une soci\u00e9t\u00e9 inclusive et respectueuse. En s\u2019adressant \u00e0 la Mission Locale pour leurs d\u00e9marches d\u2019insertion sociale et professionnelle,\u00a0tous les jeunes\u00a0de 16 \u00e0 30 ans sortis du syst\u00e8me [&hellip;]\" \/>\n<meta property=\"og:url\" content=\"https:\/\/www.missionslocalesnormandie.fr\/mission-locale-louviers-valdereuil-andelle\/2024\/01\/29\/sensibilisation-a-la-non-discrimination\/\" \/>\n<meta property=\"og:site_name\" content=\"MISSION LOCALE LOUVIERS-VAL DE REUIL-ANDELLE\" \/>\n<meta property=\"article:published_time\" content=\"2024-01-29T15:23:37+00:00\" \/>\n<meta property=\"article:modified_time\" content=\"2024-06-12T12:43:39+00:00\" \/>\n<meta property=\"og:image\" content=\"https:\/\/www.missionslocalesnormandie.fr\/content\/uploads\/sites\/12\/2024\/04\/25-criteres-de-la-discrimination-950x595-c-default.png\" \/>\n<meta name=\"author\" content=\"jlefrancois\" \/>\n<meta name=\"twitter:card\" content=\"summary_large_image\" \/>\n<meta name=\"twitter:label1\" content=\"\u00c9crit par\" \/>\n\t<meta name=\"twitter:data1\" content=\"jlefrancois\" \/>\n\t<meta name=\"twitter:label2\" content=\"Dur\u00e9e de lecture estim\u00e9e\" \/>\n\t<meta name=\"twitter:data2\" content=\"2 minutes\" \/>\n<script type=\"application\/ld+json\" class=\"yoast-schema-graph\">{\"@context\":\"https:\/\/schema.org\",\"@graph\":[{\"@type\":\"WebPage\",\"@id\":\"https:\/\/www.missionslocalesnormandie.fr\/mission-locale-louviers-valdereuil-andelle\/2024\/01\/29\/sensibilisation-a-la-non-discrimination\/\",\"url\":\"https:\/\/www.missionslocalesnormandie.fr\/mission-locale-louviers-valdereuil-andelle\/2024\/01\/29\/sensibilisation-a-la-non-discrimination\/\",\"name\":\"Sensibilisation \u00e0 la non-discrimination - MISSION LOCALE LOUVIERS-VAL DE REUIL-ANDELLE\",\"isPartOf\":{\"@id\":\"https:\/\/www.missionslocalesnormandie.fr\/mission-locale-louviers-valdereuil-andelle\/#website\"},\"datePublished\":\"2024-01-29T15:23:37+00:00\",\"dateModified\":\"2024-06-12T12:43:39+00:00\",\"author\":{\"@id\":\"https:\/\/www.missionslocalesnormandie.fr\/mission-locale-louviers-valdereuil-andelle\/#\/schema\/person\/2c117bd21faa9ab941802970f971e9a1\"},\"breadcrumb\":{\"@id\":\"https:\/\/www.missionslocalesnormandie.fr\/mission-locale-louviers-valdereuil-andelle\/2024\/01\/29\/sensibilisation-a-la-non-discrimination\/#breadcrumb\"},\"inLanguage\":\"fr-FR\",\"potentialAction\":[{\"@type\":\"ReadAction\",\"target\":[\"https:\/\/www.missionslocalesnormandie.fr\/mission-locale-louviers-valdereuil-andelle\/2024\/01\/29\/sensibilisation-a-la-non-discrimination\/\"]}]},{\"@type\":\"BreadcrumbList\",\"@id\":\"https:\/\/www.missionslocalesnormandie.fr\/mission-locale-louviers-valdereuil-andelle\/2024\/01\/29\/sensibilisation-a-la-non-discrimination\/#breadcrumb\",\"itemListElement\":[{\"@type\":\"ListItem\",\"position\":1,\"name\":\"Home\",\"item\":\"https:\/\/www.missionslocalesnormandie.fr\/mission-locale-louviers-valdereuil-andelle\/\"},{\"@type\":\"ListItem\",\"position\":2,\"name\":\"Actualit\u00e9s\",\"item\":\"https:\/\/www.missionslocalesnormandie.fr\/mission-locale-louviers-valdereuil-andelle\/actualites\/\"},{\"@type\":\"ListItem\",\"position\":3,\"name\":\"Sensibilisation \u00e0 la non-discrimination\"}]},{\"@type\":\"WebSite\",\"@id\":\"https:\/\/www.missionslocalesnormandie.fr\/mission-locale-louviers-valdereuil-andelle\/#website\",\"url\":\"https:\/\/www.missionslocalesnormandie.fr\/mission-locale-louviers-valdereuil-andelle\/\",\"name\":\"MISSION LOCALE LOUVIERS-VAL DE REUIL-ANDELLE\",\"description\":\"\",\"potentialAction\":[{\"@type\":\"SearchAction\",\"target\":{\"@type\":\"EntryPoint\",\"urlTemplate\":\"https:\/\/www.missionslocalesnormandie.fr\/mission-locale-louviers-valdereuil-andelle\/?s={search_term_string}\"},\"query-input\":\"required name=search_term_string\"}],\"inLanguage\":\"fr-FR\"},{\"@type\":\"Person\",\"@id\":\"https:\/\/www.missionslocalesnormandie.fr\/mission-locale-louviers-valdereuil-andelle\/#\/schema\/person\/2c117bd21faa9ab941802970f971e9a1\",\"name\":\"jlefrancois\",\"image\":{\"@type\":\"ImageObject\",\"inLanguage\":\"fr-FR\",\"@id\":\"https:\/\/www.missionslocalesnormandie.fr\/mission-locale-louviers-valdereuil-andelle\/#\/schema\/person\/image\/\",\"url\":\"https:\/\/secure.gravatar.com\/avatar\/585819a91e98c25c6a2561497a612d6d?s=96&d=mm&r=g\",\"contentUrl\":\"https:\/\/secure.gravatar.com\/avatar\/585819a91e98c25c6a2561497a612d6d?s=96&d=mm&r=g\",\"caption\":\"jlefrancois\"},\"url\":\"https:\/\/www.missionslocalesnormandie.fr\/mission-locale-louviers-valdereuil-andelle\/author\/jlefrancois\/\"}]}<\/script>\n<!-- \/ Yoast SEO plugin. -->","yoast_head_json":{"title":"Sensibilisation \u00e0 la non-discrimination - MISSION LOCALE LOUVIERS-VAL DE REUIL-ANDELLE","robots":{"index":"index","follow":"follow","max-snippet":"max-snippet:-1","max-image-preview":"max-image-preview:large","max-video-preview":"max-video-preview:-1"},"canonical":"https:\/\/www.missionslocalesnormandie.fr\/mission-locale-louviers-valdereuil-andelle\/2024\/01\/29\/sensibilisation-a-la-non-discrimination\/","og_locale":"fr_FR","og_type":"article","og_title":"Sensibilisation \u00e0 la non-discrimination - MISSION LOCALE LOUVIERS-VAL DE REUIL-ANDELLE","og_description":"Engag\u00e9e dans une d\u00e9marche de sensibilisation \u00e0 la non-discrimination, aussi bien aupr\u00e8s de ses professionnels que des jeunes qu\u2019elle accompagne, la Mission Locale a pour volont\u00e9 de promouvoir une soci\u00e9t\u00e9 inclusive et respectueuse. En s\u2019adressant \u00e0 la Mission Locale pour leurs d\u00e9marches d\u2019insertion sociale et professionnelle,\u00a0tous les jeunes\u00a0de 16 \u00e0 30 ans sortis du syst\u00e8me [&hellip;]","og_url":"https:\/\/www.missionslocalesnormandie.fr\/mission-locale-louviers-valdereuil-andelle\/2024\/01\/29\/sensibilisation-a-la-non-discrimination\/","og_site_name":"MISSION LOCALE LOUVIERS-VAL DE REUIL-ANDELLE","article_published_time":"2024-01-29T15:23:37+00:00","article_modified_time":"2024-06-12T12:43:39+00:00","og_image":[{"url":"https:\/\/www.missionslocalesnormandie.fr\/content\/uploads\/sites\/12\/2024\/04\/25-criteres-de-la-discrimination-950x595-c-default.png"}],"author":"jlefrancois","twitter_card":"summary_large_image","twitter_misc":{"\u00c9crit par":"jlefrancois","Dur\u00e9e de lecture estim\u00e9e":"2 minutes"},"schema":{"@context":"https:\/\/schema.org","@graph":[{"@type":"WebPage","@id":"https:\/\/www.missionslocalesnormandie.fr\/mission-locale-louviers-valdereuil-andelle\/2024\/01\/29\/sensibilisation-a-la-non-discrimination\/","url":"https:\/\/www.missionslocalesnormandie.fr\/mission-locale-louviers-valdereuil-andelle\/2024\/01\/29\/sensibilisation-a-la-non-discrimination\/","name":"Sensibilisation \u00e0 la non-discrimination - MISSION LOCALE LOUVIERS-VAL DE REUIL-ANDELLE","isPartOf":{"@id":"https:\/\/www.missionslocalesnormandie.fr\/mission-locale-louviers-valdereuil-andelle\/#website"},"datePublished":"2024-01-29T15:23:37+00:00","dateModified":"2024-06-12T12:43:39+00:00","author":{"@id":"https:\/\/www.missionslocalesnormandie.fr\/mission-locale-louviers-valdereuil-andelle\/#\/schema\/person\/2c117bd21faa9ab941802970f971e9a1"},"breadcrumb":{"@id":"https:\/\/www.missionslocalesnormandie.fr\/mission-locale-louviers-valdereuil-andelle\/2024\/01\/29\/sensibilisation-a-la-non-discrimination\/#breadcrumb"},"inLanguage":"fr-FR","potentialAction":[{"@type":"ReadAction","target":["https:\/\/www.missionslocalesnormandie.fr\/mission-locale-louviers-valdereuil-andelle\/2024\/01\/29\/sensibilisation-a-la-non-discrimination\/"]}]},{"@type":"BreadcrumbList","@id":"https:\/\/www.missionslocalesnormandie.fr\/mission-locale-louviers-valdereuil-andelle\/2024\/01\/29\/sensibilisation-a-la-non-discrimination\/#breadcrumb","itemListElement":[{"@type":"ListItem","position":1,"name":"Home","item":"https:\/\/www.missionslocalesnormandie.fr\/mission-locale-louviers-valdereuil-andelle\/"},{"@type":"ListItem","position":2,"name":"Actualit\u00e9s","item":"https:\/\/www.missionslocalesnormandie.fr\/mission-locale-louviers-valdereuil-andelle\/actualites\/"},{"@type":"ListItem","position":3,"name":"Sensibilisation \u00e0 la non-discrimination"}]},{"@type":"WebSite","@id":"https:\/\/www.missionslocalesnormandie.fr\/mission-locale-louviers-valdereuil-andelle\/#website","url":"https:\/\/www.missionslocalesnormandie.fr\/mission-locale-louviers-valdereuil-andelle\/","name":"MISSION LOCALE LOUVIERS-VAL DE REUIL-ANDELLE","description":"","potentialAction":[{"@type":"SearchAction","target":{"@type":"EntryPoint","urlTemplate":"https:\/\/www.missionslocalesnormandie.fr\/mission-locale-louviers-valdereuil-andelle\/?s={search_term_string}"},"query-input":"required name=search_term_string"}],"inLanguage":"fr-FR"},{"@type":"Person","@id":"https:\/\/www.missionslocalesnormandie.fr\/mission-locale-louviers-valdereuil-andelle\/#\/schema\/person\/2c117bd21faa9ab941802970f971e9a1","name":"jlefrancois","image":{"@type":"ImageObject","inLanguage":"fr-FR","@id":"https:\/\/www.missionslocalesnormandie.fr\/mission-locale-louviers-valdereuil-andelle\/#\/schema\/person\/image\/","url":"https:\/\/secure.gravatar.com\/avatar\/585819a91e98c25c6a2561497a612d6d?s=96&d=mm&r=g","contentUrl":"https:\/\/secure.gravatar.com\/avatar\/585819a91e98c25c6a2561497a612d6d?s=96&d=mm&r=g","caption":"jlefrancois"},"url":"https:\/\/www.missionslocalesnormandie.fr\/mission-locale-louviers-valdereuil-andelle\/author\/jlefrancois\/"}]}},"_links":{"self":[{"href":"https:\/\/www.missionslocalesnormandie.fr\/mission-locale-louviers-valdereuil-andelle\/wp-json\/wp\/v2\/posts\/669"}],"collection":[{"href":"https:\/\/www.missionslocalesnormandie.fr\/mission-locale-louviers-valdereuil-andelle\/wp-json\/wp\/v2\/posts"}],"about":[{"href":"https:\/\/www.missionslocalesnormandie.fr\/mission-locale-louviers-valdereuil-andelle\/wp-json\/wp\/v2\/types\/post"}],"author":[{"embeddable":true,"href":"https:\/\/www.missionslocalesnormandie.fr\/mission-locale-louviers-valdereuil-andelle\/wp-json\/wp\/v2\/users\/17"}],"replies":[{"embeddable":true,"href":"https:\/\/www.missionslocalesnormandie.fr\/mission-locale-louviers-valdereuil-andelle\/wp-json\/wp\/v2\/comments?post=669"}],"version-history":[{"count":28,"href":"https:\/\/www.missionslocalesnormandie.fr\/mission-locale-louviers-valdereuil-andelle\/wp-json\/wp\/v2\/posts\/669\/revisions"}],"predecessor-version":[{"id":1483,"href":"https:\/\/www.missionslocalesnormandie.fr\/mission-locale-louviers-valdereuil-andelle\/wp-json\/wp\/v2\/posts\/669\/revisions\/1483"}],"wp:attachment":[{"href":"https:\/\/www.missionslocalesnormandie.fr\/mission-locale-louviers-valdereuil-andelle\/wp-json\/wp\/v2\/media?parent=669"}],"wp:term":[{"taxonomy":"category","embeddable":true,"href":"https:\/\/www.missionslocalesnormandie.fr\/mission-locale-louviers-valdereuil-andelle\/wp-json\/wp\/v2\/categories?post=669"},{"taxonomy":"post_tag","embeddable":true,"href":"https:\/\/www.missionslocalesnormandie.fr\/mission-locale-louviers-valdereuil-andelle\/wp-json\/wp\/v2\/tags?post=669"}],"curies":[{"name":"wp","href":"https:\/\/api.w.org\/{rel}","templated":true}]}}