{"id":3308,"date":"2024-08-01T15:47:29","date_gmt":"2024-08-01T13:47:29","guid":{"rendered":"https:\/\/www.missionslocalesnormandie.fr\/mission-locale-pays-alencon\/?p=3308"},"modified":"2024-09-03T09:40:19","modified_gmt":"2024-09-03T07:40:19","slug":"elementor-3308","status":"publish","type":"post","link":"https:\/\/www.missionslocalesnormandie.fr\/mission-locale-pays-alencon\/2024\/08\/01\/elementor-3308\/","title":{"rendered":"Nos ateliers de la semaine"},"content":{"rendered":"\t\t<div data-elementor-type=\"wp-post\" data-elementor-id=\"3308\" class=\"elementor elementor-3308\">\n\t\t\t\t<div class=\"elementor-element elementor-element-8150fe5 e-flex e-con-boxed e-con e-parent\" data-id=\"8150fe5\" data-element_type=\"container\">\n\t\t\t\t\t<div class=\"e-con-inner\">\n\t\t\t\t<div class=\"elementor-element elementor-element-17f541a elementor-widget elementor-widget-block_intro\" data-id=\"17f541a\" data-element_type=\"widget\" data-widget_type=\"block_intro.default\">\n\t\t\t\t<div class=\"elementor-widget-container\">\n\t\t\t    <div class=\"container\">\n        <div class=\"edito-intro\">\n            <p style=\"text-align: justify\">Chaque jour, des ateliers collectifs sont propos\u00e9s au sein de nos locaux, \u00e0 l'UDAF ou au Conseil d\u00e9partemental. Pour y participer, il suffit de vous inscrire aupr\u00e8s de votre conseiller. <a href=\"https:\/\/padlet.com\/acprugnieres\/ateliers-ml-alencon-e2i2sh7jkebla512?fbclid=IwY2xjawFDm29leHRuA2FlbQIxMAABHWdHUxzB0F4M50oXFM-pEbbKGa17Dvu-asNtHhJ1jK8c8UQ-2j9Ahs5yOQ_aem_YPpbvYUNmrsk8p8I3LiJKw\">Acc\u00e9der aux ateliers de la semaine<\/a><\/p>\n        <\/div>\n    <\/div>\n\t\t<\/div>\n\t\t\t\t<\/div>\n\t\t\t\t\t<\/div>\n\t\t\t\t<\/div>\n\t\t\t\t<\/div>\n\t\t","protected":false},"excerpt":{"rendered":"<p>Chaque jour, des ateliers collectifs sont propos\u00e9s au sein de nos locaux, \u00e0 l&#8217;UDAF ou au Conseil d\u00e9partemental. Pour y participer, il suffit de vous inscrire aupr\u00e8s de votre conseiller. Acc\u00e9der aux ateliers de la semaine<\/p>\n","protected":false},"author":12,"featured_media":3364,"comment_status":"open","ping_status":"open","sticky":false,"template":"","format":"standard","meta":{"_acf_changed":false,"_crosspost_to_1":false,"_crosspost_to_2":false,"_crosspost_to_3":false,"_crosspost_to_5":false,"_crosspost_to_6":false,"_crosspost_to_7":false,"_crosspost_to_8":false,"_crosspost_to_11":false,"_crosspost_to_12":false,"_crosspost_to_13":false,"_crosspost_to_14":false,"_crosspost_to_15":false,"_crosspost_to_16":false,"inline_featured_image":false,"footnotes":""},"categories":[1],"tags":[],"acf":[],"yoast_head":"<!-- This site is optimized with the Yoast SEO plugin v21.9.1 - https:\/\/yoast.com\/wordpress\/plugins\/seo\/ -->\n<title>Nos ateliers de la semaine - MISSION LOCALE DU PAYS D&#039;ALENCON<\/title>\n<meta name=\"robots\" content=\"index, follow, max-snippet:-1, max-image-preview:large, max-video-preview:-1\" \/>\n<link rel=\"canonical\" href=\"https:\/\/www.missionslocalesnormandie.fr\/mission-locale-pays-alencon\/2024\/08\/01\/elementor-3308\/\" \/>\n<meta property=\"og:locale\" content=\"fr_FR\" \/>\n<meta property=\"og:type\" content=\"article\" \/>\n<meta property=\"og:title\" content=\"Nos ateliers de la semaine - MISSION LOCALE DU PAYS D&#039;ALENCON\" \/>\n<meta property=\"og:description\" content=\"Chaque jour, des ateliers collectifs sont propos\u00e9s au sein de nos locaux, \u00e0 l&#8217;UDAF ou au Conseil d\u00e9partemental. Pour y participer, il suffit de vous inscrire aupr\u00e8s de votre conseiller. Acc\u00e9der aux ateliers de la semaine\" \/>\n<meta property=\"og:url\" content=\"https:\/\/www.missionslocalesnormandie.fr\/mission-locale-pays-alencon\/2024\/08\/01\/elementor-3308\/\" \/>\n<meta property=\"og:site_name\" content=\"MISSION LOCALE DU PAYS D&#039;ALENCON\" \/>\n<meta property=\"article:published_time\" content=\"2024-08-01T13:47:29+00:00\" \/>\n<meta property=\"article:modified_time\" content=\"2024-09-03T07:40:19+00:00\" \/>\n<meta property=\"og:image\" content=\"https:\/\/www.missionslocalesnormandie.fr\/content\/uploads\/sites\/4\/2024\/08\/Planning-1.png\" \/>\n\t<meta property=\"og:image:width\" content=\"1920\" \/>\n\t<meta property=\"og:image:height\" content=\"1080\" \/>\n\t<meta property=\"og:image:type\" content=\"image\/png\" \/>\n<meta name=\"author\" content=\"agirault\" \/>\n<meta name=\"twitter:card\" content=\"summary_large_image\" \/>\n<meta name=\"twitter:label1\" content=\"\u00c9crit par\" \/>\n\t<meta name=\"twitter:data1\" content=\"agirault\" \/>\n\t<meta name=\"twitter:label2\" content=\"Dur\u00e9e de lecture estim\u00e9e\" \/>\n\t<meta name=\"twitter:data2\" content=\"1 minute\" \/>\n<script type=\"application\/ld+json\" class=\"yoast-schema-graph\">{\"@context\":\"https:\/\/schema.org\",\"@graph\":[{\"@type\":\"WebPage\",\"@id\":\"https:\/\/www.missionslocalesnormandie.fr\/mission-locale-pays-alencon\/2024\/08\/01\/elementor-3308\/\",\"url\":\"https:\/\/www.missionslocalesnormandie.fr\/mission-locale-pays-alencon\/2024\/08\/01\/elementor-3308\/\",\"name\":\"Nos ateliers de la semaine - MISSION LOCALE DU PAYS D'ALENCON\",\"isPartOf\":{\"@id\":\"https:\/\/www.missionslocalesnormandie.fr\/mission-locale-pays-alencon\/#website\"},\"datePublished\":\"2024-08-01T13:47:29+00:00\",\"dateModified\":\"2024-09-03T07:40:19+00:00\",\"author\":{\"@id\":\"https:\/\/www.missionslocalesnormandie.fr\/mission-locale-pays-alencon\/#\/schema\/person\/9850b4baef03ea34300e229102c26a6b\"},\"breadcrumb\":{\"@id\":\"https:\/\/www.missionslocalesnormandie.fr\/mission-locale-pays-alencon\/2024\/08\/01\/elementor-3308\/#breadcrumb\"},\"inLanguage\":\"fr-FR\",\"potentialAction\":[{\"@type\":\"ReadAction\",\"target\":[\"https:\/\/www.missionslocalesnormandie.fr\/mission-locale-pays-alencon\/2024\/08\/01\/elementor-3308\/\"]}]},{\"@type\":\"BreadcrumbList\",\"@id\":\"https:\/\/www.missionslocalesnormandie.fr\/mission-locale-pays-alencon\/2024\/08\/01\/elementor-3308\/#breadcrumb\",\"itemListElement\":[{\"@type\":\"ListItem\",\"position\":1,\"name\":\"Home\",\"item\":\"https:\/\/www.missionslocalesnormandie.fr\/mission-locale-pays-alencon\/\"},{\"@type\":\"ListItem\",\"position\":2,\"name\":\"Actualit\u00e9s\",\"item\":\"https:\/\/www.missionslocalesnormandie.fr\/mission-locale-pays-alencon\/actualites\/\"},{\"@type\":\"ListItem\",\"position\":3,\"name\":\"Nos ateliers de la semaine\"}]},{\"@type\":\"WebSite\",\"@id\":\"https:\/\/www.missionslocalesnormandie.fr\/mission-locale-pays-alencon\/#website\",\"url\":\"https:\/\/www.missionslocalesnormandie.fr\/mission-locale-pays-alencon\/\",\"name\":\"MISSION LOCALE DU PAYS D'ALENCON\",\"description\":\"\",\"potentialAction\":[{\"@type\":\"SearchAction\",\"target\":{\"@type\":\"EntryPoint\",\"urlTemplate\":\"https:\/\/www.missionslocalesnormandie.fr\/mission-locale-pays-alencon\/?s={search_term_string}\"},\"query-input\":\"required name=search_term_string\"}],\"inLanguage\":\"fr-FR\"},{\"@type\":\"Person\",\"@id\":\"https:\/\/www.missionslocalesnormandie.fr\/mission-locale-pays-alencon\/#\/schema\/person\/9850b4baef03ea34300e229102c26a6b\",\"name\":\"agirault\",\"image\":{\"@type\":\"ImageObject\",\"inLanguage\":\"fr-FR\",\"@id\":\"https:\/\/www.missionslocalesnormandie.fr\/mission-locale-pays-alencon\/#\/schema\/person\/image\/\",\"url\":\"https:\/\/secure.gravatar.com\/avatar\/6d7faaccbf4a6951fa14dbaefae9b727?s=96&d=mm&r=g\",\"contentUrl\":\"https:\/\/secure.gravatar.com\/avatar\/6d7faaccbf4a6951fa14dbaefae9b727?s=96&d=mm&r=g\",\"caption\":\"agirault\"},\"url\":\"https:\/\/www.missionslocalesnormandie.fr\/mission-locale-pays-alencon\/author\/agirault\/\"}]}<\/script>\n<!-- \/ Yoast SEO plugin. -->","yoast_head_json":{"title":"Nos ateliers de la semaine - MISSION LOCALE DU PAYS D'ALENCON","robots":{"index":"index","follow":"follow","max-snippet":"max-snippet:-1","max-image-preview":"max-image-preview:large","max-video-preview":"max-video-preview:-1"},"canonical":"https:\/\/www.missionslocalesnormandie.fr\/mission-locale-pays-alencon\/2024\/08\/01\/elementor-3308\/","og_locale":"fr_FR","og_type":"article","og_title":"Nos ateliers de la semaine - MISSION LOCALE DU PAYS D'ALENCON","og_description":"Chaque jour, des ateliers collectifs sont propos\u00e9s au sein de nos locaux, \u00e0 l&#8217;UDAF ou au Conseil d\u00e9partemental. Pour y participer, il suffit de vous inscrire aupr\u00e8s de votre conseiller. Acc\u00e9der aux ateliers de la semaine","og_url":"https:\/\/www.missionslocalesnormandie.fr\/mission-locale-pays-alencon\/2024\/08\/01\/elementor-3308\/","og_site_name":"MISSION LOCALE DU PAYS D'ALENCON","article_published_time":"2024-08-01T13:47:29+00:00","article_modified_time":"2024-09-03T07:40:19+00:00","og_image":[{"width":1920,"height":1080,"url":"https:\/\/www.missionslocalesnormandie.fr\/content\/uploads\/sites\/4\/2024\/08\/Planning-1.png","type":"image\/png"}],"author":"agirault","twitter_card":"summary_large_image","twitter_misc":{"\u00c9crit par":"agirault","Dur\u00e9e de lecture estim\u00e9e":"1 minute"},"schema":{"@context":"https:\/\/schema.org","@graph":[{"@type":"WebPage","@id":"https:\/\/www.missionslocalesnormandie.fr\/mission-locale-pays-alencon\/2024\/08\/01\/elementor-3308\/","url":"https:\/\/www.missionslocalesnormandie.fr\/mission-locale-pays-alencon\/2024\/08\/01\/elementor-3308\/","name":"Nos ateliers de la semaine - MISSION LOCALE DU PAYS D'ALENCON","isPartOf":{"@id":"https:\/\/www.missionslocalesnormandie.fr\/mission-locale-pays-alencon\/#website"},"datePublished":"2024-08-01T13:47:29+00:00","dateModified":"2024-09-03T07:40:19+00:00","author":{"@id":"https:\/\/www.missionslocalesnormandie.fr\/mission-locale-pays-alencon\/#\/schema\/person\/9850b4baef03ea34300e229102c26a6b"},"breadcrumb":{"@id":"https:\/\/www.missionslocalesnormandie.fr\/mission-locale-pays-alencon\/2024\/08\/01\/elementor-3308\/#breadcrumb"},"inLanguage":"fr-FR","potentialAction":[{"@type":"ReadAction","target":["https:\/\/www.missionslocalesnormandie.fr\/mission-locale-pays-alencon\/2024\/08\/01\/elementor-3308\/"]}]},{"@type":"BreadcrumbList","@id":"https:\/\/www.missionslocalesnormandie.fr\/mission-locale-pays-alencon\/2024\/08\/01\/elementor-3308\/#breadcrumb","itemListElement":[{"@type":"ListItem","position":1,"name":"Home","item":"https:\/\/www.missionslocalesnormandie.fr\/mission-locale-pays-alencon\/"},{"@type":"ListItem","position":2,"name":"Actualit\u00e9s","item":"https:\/\/www.missionslocalesnormandie.fr\/mission-locale-pays-alencon\/actualites\/"},{"@type":"ListItem","position":3,"name":"Nos ateliers de la semaine"}]},{"@type":"WebSite","@id":"https:\/\/www.missionslocalesnormandie.fr\/mission-locale-pays-alencon\/#website","url":"https:\/\/www.missionslocalesnormandie.fr\/mission-locale-pays-alencon\/","name":"MISSION LOCALE DU PAYS D'ALENCON","description":"","potentialAction":[{"@type":"SearchAction","target":{"@type":"EntryPoint","urlTemplate":"https:\/\/www.missionslocalesnormandie.fr\/mission-locale-pays-alencon\/?s={search_term_string}"},"query-input":"required name=search_term_string"}],"inLanguage":"fr-FR"},{"@type":"Person","@id":"https:\/\/www.missionslocalesnormandie.fr\/mission-locale-pays-alencon\/#\/schema\/person\/9850b4baef03ea34300e229102c26a6b","name":"agirault","image":{"@type":"ImageObject","inLanguage":"fr-FR","@id":"https:\/\/www.missionslocalesnormandie.fr\/mission-locale-pays-alencon\/#\/schema\/person\/image\/","url":"https:\/\/secure.gravatar.com\/avatar\/6d7faaccbf4a6951fa14dbaefae9b727?s=96&d=mm&r=g","contentUrl":"https:\/\/secure.gravatar.com\/avatar\/6d7faaccbf4a6951fa14dbaefae9b727?s=96&d=mm&r=g","caption":"agirault"},"url":"https:\/\/www.missionslocalesnormandie.fr\/mission-locale-pays-alencon\/author\/agirault\/"}]}},"_links":{"self":[{"href":"https:\/\/www.missionslocalesnormandie.fr\/mission-locale-pays-alencon\/wp-json\/wp\/v2\/posts\/3308"}],"collection":[{"href":"https:\/\/www.missionslocalesnormandie.fr\/mission-locale-pays-alencon\/wp-json\/wp\/v2\/posts"}],"about":[{"href":"https:\/\/www.missionslocalesnormandie.fr\/mission-locale-pays-alencon\/wp-json\/wp\/v2\/types\/post"}],"author":[{"embeddable":true,"href":"https:\/\/www.missionslocalesnormandie.fr\/mission-locale-pays-alencon\/wp-json\/wp\/v2\/users\/12"}],"replies":[{"embeddable":true,"href":"https:\/\/www.missionslocalesnormandie.fr\/mission-locale-pays-alencon\/wp-json\/wp\/v2\/comments?post=3308"}],"version-history":[{"count":21,"href":"https:\/\/www.missionslocalesnormandie.fr\/mission-locale-pays-alencon\/wp-json\/wp\/v2\/posts\/3308\/revisions"}],"predecessor-version":[{"id":3446,"href":"https:\/\/www.missionslocalesnormandie.fr\/mission-locale-pays-alencon\/wp-json\/wp\/v2\/posts\/3308\/revisions\/3446"}],"wp:featuredmedia":[{"embeddable":true,"href":"https:\/\/www.missionslocalesnormandie.fr\/mission-locale-pays-alencon\/wp-json\/wp\/v2\/media\/3364"}],"wp:attachment":[{"href":"https:\/\/www.missionslocalesnormandie.fr\/mission-locale-pays-alencon\/wp-json\/wp\/v2\/media?parent=3308"}],"wp:term":[{"taxonomy":"category","embeddable":true,"href":"https:\/\/www.missionslocalesnormandie.fr\/mission-locale-pays-alencon\/wp-json\/wp\/v2\/categories?post=3308"},{"taxonomy":"post_tag","embeddable":true,"href":"https:\/\/www.missionslocalesnormandie.fr\/mission-locale-pays-alencon\/wp-json\/wp\/v2\/tags?post=3308"}],"curies":[{"name":"wp","href":"https:\/\/api.w.org\/{rel}","templated":true}]}}