{"id":3595,"date":"2024-12-16T10:06:41","date_gmt":"2024-12-16T09:06:41","guid":{"rendered":"https:\/\/www.missionslocalesnormandie.fr\/mission-locale-pays-alencon\/?p=3595"},"modified":"2024-12-23T12:04:16","modified_gmt":"2024-12-23T11:04:16","slug":"voeux-2024","status":"publish","type":"post","link":"https:\/\/www.missionslocalesnormandie.fr\/mission-locale-pays-alencon\/2024\/12\/16\/voeux-2024\/","title":{"rendered":"V\u0153ux 2025"},"content":{"rendered":"\t\t<div data-elementor-type=\"wp-post\" data-elementor-id=\"3595\" class=\"elementor elementor-3595\">\n\t\t\t\t<div class=\"elementor-element elementor-element-40c0728 e-flex e-con-boxed e-con e-parent\" data-id=\"40c0728\" data-element_type=\"container\">\n\t\t\t\t\t<div class=\"e-con-inner\">\n\t\t\t\t<div class=\"elementor-element elementor-element-f368dcb elementor-widget elementor-widget-block_simple_texte\" data-id=\"f368dcb\" data-element_type=\"widget\" data-widget_type=\"block_simple_texte.default\">\n\t\t\t\t<div class=\"elementor-widget-container\">\n\t\t\t    <div class=\"container\">\n        <p>\u00c0 l'aube de cette nouvelle ann\u00e9e, la Mission Locale continue de vous accompagner dans vos projets et vos ambitions. 2025 s'annonce comme une ann\u00e9e de nouvelles perspectives et notre engagement reste le m\u00eame : vous soutenir, vous guider et vous encourager \u00e0 atteindre vos objectifs.<\/p><p>Nous restons \u00e0 vos c\u00f4t\u00e9s, pour vous aider \u00e0 avancer, \u00e0 grandir et \u00e0 r\u00e9ussir. Tous ensemble, cap sur l\u2019avenir !<\/p><p><strong>Nous vous souhaitons les meilleurs v\u0153ux pour cette nouvelle ann\u00e9e, pleine de succ\u00e8s, de d\u00e9couvertes et de nouveaux horizons.<\/strong><\/p>\n    <\/div>\n\t\t<\/div>\n\t\t\t\t<\/div>\n\t\t\t\t<div class=\"elementor-element elementor-element-6210fb8 elementor-widget elementor-widget-block_simple_visuel\" data-id=\"6210fb8\" data-element_type=\"widget\" data-widget_type=\"block_simple_visuel.default\">\n\t\t\t\t<div class=\"elementor-widget-container\">\n\t\t\t    <div class=\"container\">\n        <figure>\n                        \n                                                            <a href=\"https:\/\/www.missionslocalesnormandie.fr\/content\/uploads\/sites\/4\/2024\/12\/carte-voeux-2025-impression.png\">\n                    <img decoding=\"async\" src=\"https:\/\/www.missionslocalesnormandie.fr\/content\/uploads\/sites\/4\/2024\/12\/carte-voeux-2025-impression-950x595-c-default.png\"\n                         alt=\"MISSION LOCALE DU PAYS D'ALENCON\"\/>\n                <\/a>\n            \n                    <\/figure>\n    <\/div>\n\t\t<\/div>\n\t\t\t\t<\/div>\n\t\t\t\t\t<\/div>\n\t\t\t\t<\/div>\n\t\t\t\t<\/div>\n\t\t","protected":false},"excerpt":{"rendered":"<p>\u00c0 l&#8217;aube de cette nouvelle ann\u00e9e, la Mission Locale continue de vous accompagner dans vos projets et vos ambitions. 2025 s&#8217;annonce comme une ann\u00e9e de nouvelles perspectives et notre engagement reste le m\u00eame : vous soutenir, vous guider et vous encourager \u00e0 atteindre vos objectifs. Nous restons \u00e0 vos c\u00f4t\u00e9s, pour vous aider \u00e0 avancer, [&hellip;]<\/p>\n","protected":false},"author":12,"featured_media":3615,"comment_status":"open","ping_status":"open","sticky":false,"template":"","format":"standard","meta":{"_acf_changed":false,"_crosspost_to_1":false,"_crosspost_to_2":false,"_crosspost_to_3":false,"_crosspost_to_5":false,"_crosspost_to_6":false,"_crosspost_to_7":false,"_crosspost_to_8":false,"_crosspost_to_11":false,"_crosspost_to_12":false,"_crosspost_to_13":false,"_crosspost_to_14":false,"_crosspost_to_15":false,"_crosspost_to_16":false,"inline_featured_image":false,"footnotes":""},"categories":[1],"tags":[],"acf":[],"yoast_head":"<!-- This site is optimized with the Yoast SEO plugin v21.9.1 - https:\/\/yoast.com\/wordpress\/plugins\/seo\/ -->\n<title>V\u0153ux 2025 - MISSION LOCALE DU PAYS D&#039;ALENCON<\/title>\n<meta name=\"robots\" content=\"index, follow, max-snippet:-1, max-image-preview:large, max-video-preview:-1\" \/>\n<link rel=\"canonical\" href=\"https:\/\/www.missionslocalesnormandie.fr\/mission-locale-pays-alencon\/2024\/12\/16\/voeux-2024\/\" \/>\n<meta property=\"og:locale\" content=\"fr_FR\" \/>\n<meta property=\"og:type\" content=\"article\" \/>\n<meta property=\"og:title\" content=\"V\u0153ux 2025 - MISSION LOCALE DU PAYS D&#039;ALENCON\" \/>\n<meta property=\"og:description\" content=\"\u00c0 l&#8217;aube de cette nouvelle ann\u00e9e, la Mission Locale continue de vous accompagner dans vos projets et vos ambitions. 2025 s&#8217;annonce comme une ann\u00e9e de nouvelles perspectives et notre engagement reste le m\u00eame : vous soutenir, vous guider et vous encourager \u00e0 atteindre vos objectifs. Nous restons \u00e0 vos c\u00f4t\u00e9s, pour vous aider \u00e0 avancer, [&hellip;]\" \/>\n<meta property=\"og:url\" content=\"https:\/\/www.missionslocalesnormandie.fr\/mission-locale-pays-alencon\/2024\/12\/16\/voeux-2024\/\" \/>\n<meta property=\"og:site_name\" content=\"MISSION LOCALE DU PAYS D&#039;ALENCON\" \/>\n<meta property=\"article:published_time\" content=\"2024-12-16T09:06:41+00:00\" \/>\n<meta property=\"article:modified_time\" content=\"2024-12-23T11:04:16+00:00\" \/>\n<meta property=\"og:image\" content=\"https:\/\/www.missionslocalesnormandie.fr\/content\/uploads\/sites\/4\/2024\/12\/vignette-voeux-2025-1024x576.png\" \/>\n\t<meta property=\"og:image:width\" content=\"1024\" \/>\n\t<meta property=\"og:image:height\" content=\"576\" \/>\n\t<meta property=\"og:image:type\" content=\"image\/png\" \/>\n<meta name=\"author\" content=\"agirault\" \/>\n<meta name=\"twitter:card\" content=\"summary_large_image\" \/>\n<meta name=\"twitter:label1\" content=\"\u00c9crit par\" \/>\n\t<meta name=\"twitter:data1\" content=\"agirault\" \/>\n\t<meta name=\"twitter:label2\" content=\"Dur\u00e9e de lecture estim\u00e9e\" \/>\n\t<meta name=\"twitter:data2\" content=\"1 minute\" \/>\n<script type=\"application\/ld+json\" class=\"yoast-schema-graph\">{\"@context\":\"https:\/\/schema.org\",\"@graph\":[{\"@type\":\"WebPage\",\"@id\":\"https:\/\/www.missionslocalesnormandie.fr\/mission-locale-pays-alencon\/2024\/12\/16\/voeux-2024\/\",\"url\":\"https:\/\/www.missionslocalesnormandie.fr\/mission-locale-pays-alencon\/2024\/12\/16\/voeux-2024\/\",\"name\":\"V\u0153ux 2025 - MISSION LOCALE DU PAYS D'ALENCON\",\"isPartOf\":{\"@id\":\"https:\/\/www.missionslocalesnormandie.fr\/mission-locale-pays-alencon\/#website\"},\"datePublished\":\"2024-12-16T09:06:41+00:00\",\"dateModified\":\"2024-12-23T11:04:16+00:00\",\"author\":{\"@id\":\"https:\/\/www.missionslocalesnormandie.fr\/mission-locale-pays-alencon\/#\/schema\/person\/9850b4baef03ea34300e229102c26a6b\"},\"breadcrumb\":{\"@id\":\"https:\/\/www.missionslocalesnormandie.fr\/mission-locale-pays-alencon\/2024\/12\/16\/voeux-2024\/#breadcrumb\"},\"inLanguage\":\"fr-FR\",\"potentialAction\":[{\"@type\":\"ReadAction\",\"target\":[\"https:\/\/www.missionslocalesnormandie.fr\/mission-locale-pays-alencon\/2024\/12\/16\/voeux-2024\/\"]}]},{\"@type\":\"BreadcrumbList\",\"@id\":\"https:\/\/www.missionslocalesnormandie.fr\/mission-locale-pays-alencon\/2024\/12\/16\/voeux-2024\/#breadcrumb\",\"itemListElement\":[{\"@type\":\"ListItem\",\"position\":1,\"name\":\"Home\",\"item\":\"https:\/\/www.missionslocalesnormandie.fr\/mission-locale-pays-alencon\/\"},{\"@type\":\"ListItem\",\"position\":2,\"name\":\"Actualit\u00e9s\",\"item\":\"https:\/\/www.missionslocalesnormandie.fr\/mission-locale-pays-alencon\/actualites\/\"},{\"@type\":\"ListItem\",\"position\":3,\"name\":\"V\u0153ux 2025\"}]},{\"@type\":\"WebSite\",\"@id\":\"https:\/\/www.missionslocalesnormandie.fr\/mission-locale-pays-alencon\/#website\",\"url\":\"https:\/\/www.missionslocalesnormandie.fr\/mission-locale-pays-alencon\/\",\"name\":\"MISSION LOCALE DU PAYS D'ALENCON\",\"description\":\"\",\"potentialAction\":[{\"@type\":\"SearchAction\",\"target\":{\"@type\":\"EntryPoint\",\"urlTemplate\":\"https:\/\/www.missionslocalesnormandie.fr\/mission-locale-pays-alencon\/?s={search_term_string}\"},\"query-input\":\"required name=search_term_string\"}],\"inLanguage\":\"fr-FR\"},{\"@type\":\"Person\",\"@id\":\"https:\/\/www.missionslocalesnormandie.fr\/mission-locale-pays-alencon\/#\/schema\/person\/9850b4baef03ea34300e229102c26a6b\",\"name\":\"agirault\",\"image\":{\"@type\":\"ImageObject\",\"inLanguage\":\"fr-FR\",\"@id\":\"https:\/\/www.missionslocalesnormandie.fr\/mission-locale-pays-alencon\/#\/schema\/person\/image\/\",\"url\":\"https:\/\/secure.gravatar.com\/avatar\/6d7faaccbf4a6951fa14dbaefae9b727?s=96&d=mm&r=g\",\"contentUrl\":\"https:\/\/secure.gravatar.com\/avatar\/6d7faaccbf4a6951fa14dbaefae9b727?s=96&d=mm&r=g\",\"caption\":\"agirault\"},\"url\":\"https:\/\/www.missionslocalesnormandie.fr\/mission-locale-pays-alencon\/author\/agirault\/\"}]}<\/script>\n<!-- \/ Yoast SEO plugin. -->","yoast_head_json":{"title":"V\u0153ux 2025 - MISSION LOCALE DU PAYS D'ALENCON","robots":{"index":"index","follow":"follow","max-snippet":"max-snippet:-1","max-image-preview":"max-image-preview:large","max-video-preview":"max-video-preview:-1"},"canonical":"https:\/\/www.missionslocalesnormandie.fr\/mission-locale-pays-alencon\/2024\/12\/16\/voeux-2024\/","og_locale":"fr_FR","og_type":"article","og_title":"V\u0153ux 2025 - MISSION LOCALE DU PAYS D'ALENCON","og_description":"\u00c0 l&#8217;aube de cette nouvelle ann\u00e9e, la Mission Locale continue de vous accompagner dans vos projets et vos ambitions. 2025 s&#8217;annonce comme une ann\u00e9e de nouvelles perspectives et notre engagement reste le m\u00eame : vous soutenir, vous guider et vous encourager \u00e0 atteindre vos objectifs. Nous restons \u00e0 vos c\u00f4t\u00e9s, pour vous aider \u00e0 avancer, [&hellip;]","og_url":"https:\/\/www.missionslocalesnormandie.fr\/mission-locale-pays-alencon\/2024\/12\/16\/voeux-2024\/","og_site_name":"MISSION LOCALE DU PAYS D'ALENCON","article_published_time":"2024-12-16T09:06:41+00:00","article_modified_time":"2024-12-23T11:04:16+00:00","og_image":[{"width":1024,"height":576,"url":"https:\/\/www.missionslocalesnormandie.fr\/content\/uploads\/sites\/4\/2024\/12\/vignette-voeux-2025-1024x576.png","type":"image\/png"}],"author":"agirault","twitter_card":"summary_large_image","twitter_misc":{"\u00c9crit par":"agirault","Dur\u00e9e de lecture estim\u00e9e":"1 minute"},"schema":{"@context":"https:\/\/schema.org","@graph":[{"@type":"WebPage","@id":"https:\/\/www.missionslocalesnormandie.fr\/mission-locale-pays-alencon\/2024\/12\/16\/voeux-2024\/","url":"https:\/\/www.missionslocalesnormandie.fr\/mission-locale-pays-alencon\/2024\/12\/16\/voeux-2024\/","name":"V\u0153ux 2025 - MISSION LOCALE DU PAYS D'ALENCON","isPartOf":{"@id":"https:\/\/www.missionslocalesnormandie.fr\/mission-locale-pays-alencon\/#website"},"datePublished":"2024-12-16T09:06:41+00:00","dateModified":"2024-12-23T11:04:16+00:00","author":{"@id":"https:\/\/www.missionslocalesnormandie.fr\/mission-locale-pays-alencon\/#\/schema\/person\/9850b4baef03ea34300e229102c26a6b"},"breadcrumb":{"@id":"https:\/\/www.missionslocalesnormandie.fr\/mission-locale-pays-alencon\/2024\/12\/16\/voeux-2024\/#breadcrumb"},"inLanguage":"fr-FR","potentialAction":[{"@type":"ReadAction","target":["https:\/\/www.missionslocalesnormandie.fr\/mission-locale-pays-alencon\/2024\/12\/16\/voeux-2024\/"]}]},{"@type":"BreadcrumbList","@id":"https:\/\/www.missionslocalesnormandie.fr\/mission-locale-pays-alencon\/2024\/12\/16\/voeux-2024\/#breadcrumb","itemListElement":[{"@type":"ListItem","position":1,"name":"Home","item":"https:\/\/www.missionslocalesnormandie.fr\/mission-locale-pays-alencon\/"},{"@type":"ListItem","position":2,"name":"Actualit\u00e9s","item":"https:\/\/www.missionslocalesnormandie.fr\/mission-locale-pays-alencon\/actualites\/"},{"@type":"ListItem","position":3,"name":"V\u0153ux 2025"}]},{"@type":"WebSite","@id":"https:\/\/www.missionslocalesnormandie.fr\/mission-locale-pays-alencon\/#website","url":"https:\/\/www.missionslocalesnormandie.fr\/mission-locale-pays-alencon\/","name":"MISSION LOCALE DU PAYS D'ALENCON","description":"","potentialAction":[{"@type":"SearchAction","target":{"@type":"EntryPoint","urlTemplate":"https:\/\/www.missionslocalesnormandie.fr\/mission-locale-pays-alencon\/?s={search_term_string}"},"query-input":"required name=search_term_string"}],"inLanguage":"fr-FR"},{"@type":"Person","@id":"https:\/\/www.missionslocalesnormandie.fr\/mission-locale-pays-alencon\/#\/schema\/person\/9850b4baef03ea34300e229102c26a6b","name":"agirault","image":{"@type":"ImageObject","inLanguage":"fr-FR","@id":"https:\/\/www.missionslocalesnormandie.fr\/mission-locale-pays-alencon\/#\/schema\/person\/image\/","url":"https:\/\/secure.gravatar.com\/avatar\/6d7faaccbf4a6951fa14dbaefae9b727?s=96&d=mm&r=g","contentUrl":"https:\/\/secure.gravatar.com\/avatar\/6d7faaccbf4a6951fa14dbaefae9b727?s=96&d=mm&r=g","caption":"agirault"},"url":"https:\/\/www.missionslocalesnormandie.fr\/mission-locale-pays-alencon\/author\/agirault\/"}]}},"_links":{"self":[{"href":"https:\/\/www.missionslocalesnormandie.fr\/mission-locale-pays-alencon\/wp-json\/wp\/v2\/posts\/3595"}],"collection":[{"href":"https:\/\/www.missionslocalesnormandie.fr\/mission-locale-pays-alencon\/wp-json\/wp\/v2\/posts"}],"about":[{"href":"https:\/\/www.missionslocalesnormandie.fr\/mission-locale-pays-alencon\/wp-json\/wp\/v2\/types\/post"}],"author":[{"embeddable":true,"href":"https:\/\/www.missionslocalesnormandie.fr\/mission-locale-pays-alencon\/wp-json\/wp\/v2\/users\/12"}],"replies":[{"embeddable":true,"href":"https:\/\/www.missionslocalesnormandie.fr\/mission-locale-pays-alencon\/wp-json\/wp\/v2\/comments?post=3595"}],"version-history":[{"count":10,"href":"https:\/\/www.missionslocalesnormandie.fr\/mission-locale-pays-alencon\/wp-json\/wp\/v2\/posts\/3595\/revisions"}],"predecessor-version":[{"id":3871,"href":"https:\/\/www.missionslocalesnormandie.fr\/mission-locale-pays-alencon\/wp-json\/wp\/v2\/posts\/3595\/revisions\/3871"}],"wp:featuredmedia":[{"embeddable":true,"href":"https:\/\/www.missionslocalesnormandie.fr\/mission-locale-pays-alencon\/wp-json\/wp\/v2\/media\/3615"}],"wp:attachment":[{"href":"https:\/\/www.missionslocalesnormandie.fr\/mission-locale-pays-alencon\/wp-json\/wp\/v2\/media?parent=3595"}],"wp:term":[{"taxonomy":"category","embeddable":true,"href":"https:\/\/www.missionslocalesnormandie.fr\/mission-locale-pays-alencon\/wp-json\/wp\/v2\/categories?post=3595"},{"taxonomy":"post_tag","embeddable":true,"href":"https:\/\/www.missionslocalesnormandie.fr\/mission-locale-pays-alencon\/wp-json\/wp\/v2\/tags?post=3595"}],"curies":[{"name":"wp","href":"https:\/\/api.w.org\/{rel}","templated":true}]}}