{"id":3783,"date":"2025-03-31T11:16:04","date_gmt":"2025-03-31T09:16:04","guid":{"rendered":"https:\/\/www.missionslocalesnormandie.fr\/mission-locale-pays-alencon\/?p=3783"},"modified":"2025-03-31T11:34:19","modified_gmt":"2025-03-31T09:34:19","slug":"snml-2025","status":"publish","type":"post","link":"https:\/\/www.missionslocalesnormandie.fr\/mission-locale-pays-alencon\/2025\/03\/31\/snml-2025\/","title":{"rendered":"SNML 2025"},"content":{"rendered":"\t\t<div data-elementor-type=\"wp-post\" data-elementor-id=\"3783\" class=\"elementor elementor-3783\">\n\t\t\t\t<div class=\"elementor-element elementor-element-c3fc9a2 e-flex e-con-boxed e-con e-parent\" data-id=\"c3fc9a2\" data-element_type=\"container\">\n\t\t\t\t\t<div class=\"e-con-inner\">\n\t\t\t\t<div class=\"elementor-element elementor-element-2598f77 elementor-widget elementor-widget-block_simple_texte\" data-id=\"2598f77\" data-element_type=\"widget\" data-widget_type=\"block_simple_texte.default\">\n\t\t\t\t<div class=\"elementor-widget-container\">\n\t\t\t    <div class=\"container\">\n        <p>La Semaine Nationale des Missions Locales se d\u00e9roule cette ann\u00e9e du 26 mars au 4 avril.<\/p><p>La th\u00e9matique 2025 : <strong>les Missions Locales, actrices du bien-\u00eatre et de l'acc\u00e8s \u00e0 la sant\u00e9 des jeunes.\u00a0<\/strong><\/p><p>Dans ce cadre, nous proposons 3 \u00e9v\u00e9nements :<\/p><ul><li>cr\u00e9ation d'une fresque repr\u00e9sentant la sant\u00e9 mentale<\/li><li>d\u00e9couverte des m\u00e9tiers de l'autonomie, du grand \u00e2ge et du handicap avec MCE-M3S<\/li><li>quiz de la sant\u00e9 avec Croix Rouge Comp\u00e9tences Normandie, OPCO Sant\u00e9 et France Travail<\/li><\/ul><p>Si vous souhaitez davantage d'informations, cliquez sur : <a href=\"https:\/\/snml-2025.unml.info\/le-programme-de-la-semaine\/\" target=\"_blank\" rel=\"noopener\">programme de la semaine<\/a><\/p>\n    <\/div>\n\t\t<\/div>\n\t\t\t\t<\/div>\n\t\t\t\t\t<\/div>\n\t\t\t\t<\/div>\n\t\t<div class=\"elementor-element elementor-element-74761df e-flex e-con-boxed e-con e-parent\" data-id=\"74761df\" data-element_type=\"container\">\n\t\t\t\t\t<div class=\"e-con-inner\">\n\t\t\t\t<div class=\"elementor-element elementor-element-2d3e238 elementor-widget elementor-widget-image\" data-id=\"2d3e238\" data-element_type=\"widget\" data-widget_type=\"image.default\">\n\t\t\t\t<div class=\"elementor-widget-container\">\n\t\t\t\t\t\t\t\t\t\t\t\t\t<img fetchpriority=\"high\" decoding=\"async\" width=\"768\" height=\"1086\" src=\"https:\/\/www.missionslocalesnormandie.fr\/content\/uploads\/sites\/4\/2025\/03\/Affiche-fresque-2-768x1086.jpg\" class=\"attachment-medium_large size-medium_large wp-image-3793\" alt=\"\" srcset=\"https:\/\/www.missionslocalesnormandie.fr\/content\/uploads\/sites\/4\/2025\/03\/Affiche-fresque-2-768x1086.jpg 768w, https:\/\/www.missionslocalesnormandie.fr\/content\/uploads\/sites\/4\/2025\/03\/Affiche-fresque-2-212x300.jpg 212w, https:\/\/www.missionslocalesnormandie.fr\/content\/uploads\/sites\/4\/2025\/03\/Affiche-fresque-2-724x1024.jpg 724w, https:\/\/www.missionslocalesnormandie.fr\/content\/uploads\/sites\/4\/2025\/03\/Affiche-fresque-2-1086x1536.jpg 1086w, https:\/\/www.missionslocalesnormandie.fr\/content\/uploads\/sites\/4\/2025\/03\/Affiche-fresque-2.jpg 1414w\" sizes=\"(max-width: 768px) 100vw, 768px\" \/>\t\t\t\t\t\t\t\t\t\t\t\t\t<\/div>\n\t\t\t\t<\/div>\n\t\t\t\t\t<\/div>\n\t\t\t\t<\/div>\n\t\t\t\t<\/div>\n\t\t","protected":false},"excerpt":{"rendered":"<p>La Semaine Nationale des Missions Locales se d\u00e9roule cette ann\u00e9e du 26 mars au 4 avril. La th\u00e9matique 2025 : les Missions Locales, actrices du bien-\u00eatre et de l&#8217;acc\u00e8s \u00e0 la sant\u00e9 des jeunes.\u00a0 Dans ce cadre, nous proposons 3 \u00e9v\u00e9nements : cr\u00e9ation d&#8217;une fresque repr\u00e9sentant la sant\u00e9 mentale d\u00e9couverte des m\u00e9tiers de l&#8217;autonomie, du [&hellip;]<\/p>\n","protected":false},"author":12,"featured_media":3790,"comment_status":"closed","ping_status":"closed","sticky":false,"template":"","format":"standard","meta":{"_acf_changed":false,"_crosspost_to_1":false,"_crosspost_to_2":false,"_crosspost_to_3":false,"_crosspost_to_5":false,"_crosspost_to_6":false,"_crosspost_to_7":false,"_crosspost_to_8":false,"_crosspost_to_11":false,"_crosspost_to_12":false,"_crosspost_to_13":false,"_crosspost_to_14":false,"_crosspost_to_15":false,"_crosspost_to_16":false,"inline_featured_image":false,"footnotes":""},"categories":[1],"tags":[],"acf":[],"yoast_head":"<!-- This site is optimized with the Yoast SEO plugin v21.9.1 - https:\/\/yoast.com\/wordpress\/plugins\/seo\/ -->\n<title>SNML 2025 - MISSION LOCALE DU PAYS D&#039;ALENCON<\/title>\n<meta name=\"robots\" content=\"index, follow, max-snippet:-1, max-image-preview:large, max-video-preview:-1\" \/>\n<link rel=\"canonical\" href=\"https:\/\/www.missionslocalesnormandie.fr\/mission-locale-pays-alencon\/2025\/03\/31\/snml-2025\/\" \/>\n<meta property=\"og:locale\" content=\"fr_FR\" \/>\n<meta property=\"og:type\" content=\"article\" \/>\n<meta property=\"og:title\" content=\"SNML 2025 - MISSION LOCALE DU PAYS D&#039;ALENCON\" \/>\n<meta property=\"og:description\" content=\"La Semaine Nationale des Missions Locales se d\u00e9roule cette ann\u00e9e du 26 mars au 4 avril. La th\u00e9matique 2025 : les Missions Locales, actrices du bien-\u00eatre et de l&#8217;acc\u00e8s \u00e0 la sant\u00e9 des jeunes.\u00a0 Dans ce cadre, nous proposons 3 \u00e9v\u00e9nements : cr\u00e9ation d&#8217;une fresque repr\u00e9sentant la sant\u00e9 mentale d\u00e9couverte des m\u00e9tiers de l&#8217;autonomie, du [&hellip;]\" \/>\n<meta property=\"og:url\" content=\"https:\/\/www.missionslocalesnormandie.fr\/mission-locale-pays-alencon\/2025\/03\/31\/snml-2025\/\" \/>\n<meta property=\"og:site_name\" content=\"MISSION LOCALE DU PAYS D&#039;ALENCON\" \/>\n<meta property=\"article:published_time\" content=\"2025-03-31T09:16:04+00:00\" \/>\n<meta property=\"article:modified_time\" content=\"2025-03-31T09:34:19+00:00\" \/>\n<meta property=\"og:image\" content=\"https:\/\/www.missionslocalesnormandie.fr\/content\/uploads\/sites\/4\/2025\/03\/snml-2025-fbk-1200x630-1-scaled.jpg\" \/>\n\t<meta property=\"og:image:width\" content=\"2560\" \/>\n\t<meta property=\"og:image:height\" content=\"1344\" \/>\n\t<meta property=\"og:image:type\" content=\"image\/jpeg\" \/>\n<meta name=\"author\" content=\"agirault\" \/>\n<meta name=\"twitter:card\" content=\"summary_large_image\" \/>\n<meta name=\"twitter:label1\" content=\"\u00c9crit par\" \/>\n\t<meta name=\"twitter:data1\" content=\"agirault\" \/>\n\t<meta name=\"twitter:label2\" content=\"Dur\u00e9e de lecture estim\u00e9e\" \/>\n\t<meta name=\"twitter:data2\" content=\"1 minute\" \/>\n<script type=\"application\/ld+json\" class=\"yoast-schema-graph\">{\"@context\":\"https:\/\/schema.org\",\"@graph\":[{\"@type\":\"WebPage\",\"@id\":\"https:\/\/www.missionslocalesnormandie.fr\/mission-locale-pays-alencon\/2025\/03\/31\/snml-2025\/\",\"url\":\"https:\/\/www.missionslocalesnormandie.fr\/mission-locale-pays-alencon\/2025\/03\/31\/snml-2025\/\",\"name\":\"SNML 2025 - MISSION LOCALE DU PAYS D'ALENCON\",\"isPartOf\":{\"@id\":\"https:\/\/www.missionslocalesnormandie.fr\/mission-locale-pays-alencon\/#website\"},\"datePublished\":\"2025-03-31T09:16:04+00:00\",\"dateModified\":\"2025-03-31T09:34:19+00:00\",\"author\":{\"@id\":\"https:\/\/www.missionslocalesnormandie.fr\/mission-locale-pays-alencon\/#\/schema\/person\/9850b4baef03ea34300e229102c26a6b\"},\"breadcrumb\":{\"@id\":\"https:\/\/www.missionslocalesnormandie.fr\/mission-locale-pays-alencon\/2025\/03\/31\/snml-2025\/#breadcrumb\"},\"inLanguage\":\"fr-FR\",\"potentialAction\":[{\"@type\":\"ReadAction\",\"target\":[\"https:\/\/www.missionslocalesnormandie.fr\/mission-locale-pays-alencon\/2025\/03\/31\/snml-2025\/\"]}]},{\"@type\":\"BreadcrumbList\",\"@id\":\"https:\/\/www.missionslocalesnormandie.fr\/mission-locale-pays-alencon\/2025\/03\/31\/snml-2025\/#breadcrumb\",\"itemListElement\":[{\"@type\":\"ListItem\",\"position\":1,\"name\":\"Home\",\"item\":\"https:\/\/www.missionslocalesnormandie.fr\/mission-locale-pays-alencon\/\"},{\"@type\":\"ListItem\",\"position\":2,\"name\":\"Actualit\u00e9s\",\"item\":\"https:\/\/www.missionslocalesnormandie.fr\/mission-locale-pays-alencon\/actualites\/\"},{\"@type\":\"ListItem\",\"position\":3,\"name\":\"SNML 2025\"}]},{\"@type\":\"WebSite\",\"@id\":\"https:\/\/www.missionslocalesnormandie.fr\/mission-locale-pays-alencon\/#website\",\"url\":\"https:\/\/www.missionslocalesnormandie.fr\/mission-locale-pays-alencon\/\",\"name\":\"MISSION LOCALE DU PAYS D'ALENCON\",\"description\":\"\",\"potentialAction\":[{\"@type\":\"SearchAction\",\"target\":{\"@type\":\"EntryPoint\",\"urlTemplate\":\"https:\/\/www.missionslocalesnormandie.fr\/mission-locale-pays-alencon\/?s={search_term_string}\"},\"query-input\":\"required name=search_term_string\"}],\"inLanguage\":\"fr-FR\"},{\"@type\":\"Person\",\"@id\":\"https:\/\/www.missionslocalesnormandie.fr\/mission-locale-pays-alencon\/#\/schema\/person\/9850b4baef03ea34300e229102c26a6b\",\"name\":\"agirault\",\"image\":{\"@type\":\"ImageObject\",\"inLanguage\":\"fr-FR\",\"@id\":\"https:\/\/www.missionslocalesnormandie.fr\/mission-locale-pays-alencon\/#\/schema\/person\/image\/\",\"url\":\"https:\/\/secure.gravatar.com\/avatar\/6d7faaccbf4a6951fa14dbaefae9b727?s=96&d=mm&r=g\",\"contentUrl\":\"https:\/\/secure.gravatar.com\/avatar\/6d7faaccbf4a6951fa14dbaefae9b727?s=96&d=mm&r=g\",\"caption\":\"agirault\"},\"url\":\"https:\/\/www.missionslocalesnormandie.fr\/mission-locale-pays-alencon\/author\/agirault\/\"}]}<\/script>\n<!-- \/ Yoast SEO plugin. -->","yoast_head_json":{"title":"SNML 2025 - MISSION LOCALE DU PAYS D'ALENCON","robots":{"index":"index","follow":"follow","max-snippet":"max-snippet:-1","max-image-preview":"max-image-preview:large","max-video-preview":"max-video-preview:-1"},"canonical":"https:\/\/www.missionslocalesnormandie.fr\/mission-locale-pays-alencon\/2025\/03\/31\/snml-2025\/","og_locale":"fr_FR","og_type":"article","og_title":"SNML 2025 - MISSION LOCALE DU PAYS D'ALENCON","og_description":"La Semaine Nationale des Missions Locales se d\u00e9roule cette ann\u00e9e du 26 mars au 4 avril. La th\u00e9matique 2025 : les Missions Locales, actrices du bien-\u00eatre et de l&#8217;acc\u00e8s \u00e0 la sant\u00e9 des jeunes.\u00a0 Dans ce cadre, nous proposons 3 \u00e9v\u00e9nements : cr\u00e9ation d&#8217;une fresque repr\u00e9sentant la sant\u00e9 mentale d\u00e9couverte des m\u00e9tiers de l&#8217;autonomie, du [&hellip;]","og_url":"https:\/\/www.missionslocalesnormandie.fr\/mission-locale-pays-alencon\/2025\/03\/31\/snml-2025\/","og_site_name":"MISSION LOCALE DU PAYS D'ALENCON","article_published_time":"2025-03-31T09:16:04+00:00","article_modified_time":"2025-03-31T09:34:19+00:00","og_image":[{"width":2560,"height":1344,"url":"https:\/\/www.missionslocalesnormandie.fr\/content\/uploads\/sites\/4\/2025\/03\/snml-2025-fbk-1200x630-1-scaled.jpg","type":"image\/jpeg"}],"author":"agirault","twitter_card":"summary_large_image","twitter_misc":{"\u00c9crit par":"agirault","Dur\u00e9e de lecture estim\u00e9e":"1 minute"},"schema":{"@context":"https:\/\/schema.org","@graph":[{"@type":"WebPage","@id":"https:\/\/www.missionslocalesnormandie.fr\/mission-locale-pays-alencon\/2025\/03\/31\/snml-2025\/","url":"https:\/\/www.missionslocalesnormandie.fr\/mission-locale-pays-alencon\/2025\/03\/31\/snml-2025\/","name":"SNML 2025 - MISSION LOCALE DU PAYS D'ALENCON","isPartOf":{"@id":"https:\/\/www.missionslocalesnormandie.fr\/mission-locale-pays-alencon\/#website"},"datePublished":"2025-03-31T09:16:04+00:00","dateModified":"2025-03-31T09:34:19+00:00","author":{"@id":"https:\/\/www.missionslocalesnormandie.fr\/mission-locale-pays-alencon\/#\/schema\/person\/9850b4baef03ea34300e229102c26a6b"},"breadcrumb":{"@id":"https:\/\/www.missionslocalesnormandie.fr\/mission-locale-pays-alencon\/2025\/03\/31\/snml-2025\/#breadcrumb"},"inLanguage":"fr-FR","potentialAction":[{"@type":"ReadAction","target":["https:\/\/www.missionslocalesnormandie.fr\/mission-locale-pays-alencon\/2025\/03\/31\/snml-2025\/"]}]},{"@type":"BreadcrumbList","@id":"https:\/\/www.missionslocalesnormandie.fr\/mission-locale-pays-alencon\/2025\/03\/31\/snml-2025\/#breadcrumb","itemListElement":[{"@type":"ListItem","position":1,"name":"Home","item":"https:\/\/www.missionslocalesnormandie.fr\/mission-locale-pays-alencon\/"},{"@type":"ListItem","position":2,"name":"Actualit\u00e9s","item":"https:\/\/www.missionslocalesnormandie.fr\/mission-locale-pays-alencon\/actualites\/"},{"@type":"ListItem","position":3,"name":"SNML 2025"}]},{"@type":"WebSite","@id":"https:\/\/www.missionslocalesnormandie.fr\/mission-locale-pays-alencon\/#website","url":"https:\/\/www.missionslocalesnormandie.fr\/mission-locale-pays-alencon\/","name":"MISSION LOCALE DU PAYS D'ALENCON","description":"","potentialAction":[{"@type":"SearchAction","target":{"@type":"EntryPoint","urlTemplate":"https:\/\/www.missionslocalesnormandie.fr\/mission-locale-pays-alencon\/?s={search_term_string}"},"query-input":"required name=search_term_string"}],"inLanguage":"fr-FR"},{"@type":"Person","@id":"https:\/\/www.missionslocalesnormandie.fr\/mission-locale-pays-alencon\/#\/schema\/person\/9850b4baef03ea34300e229102c26a6b","name":"agirault","image":{"@type":"ImageObject","inLanguage":"fr-FR","@id":"https:\/\/www.missionslocalesnormandie.fr\/mission-locale-pays-alencon\/#\/schema\/person\/image\/","url":"https:\/\/secure.gravatar.com\/avatar\/6d7faaccbf4a6951fa14dbaefae9b727?s=96&d=mm&r=g","contentUrl":"https:\/\/secure.gravatar.com\/avatar\/6d7faaccbf4a6951fa14dbaefae9b727?s=96&d=mm&r=g","caption":"agirault"},"url":"https:\/\/www.missionslocalesnormandie.fr\/mission-locale-pays-alencon\/author\/agirault\/"}]}},"_links":{"self":[{"href":"https:\/\/www.missionslocalesnormandie.fr\/mission-locale-pays-alencon\/wp-json\/wp\/v2\/posts\/3783"}],"collection":[{"href":"https:\/\/www.missionslocalesnormandie.fr\/mission-locale-pays-alencon\/wp-json\/wp\/v2\/posts"}],"about":[{"href":"https:\/\/www.missionslocalesnormandie.fr\/mission-locale-pays-alencon\/wp-json\/wp\/v2\/types\/post"}],"author":[{"embeddable":true,"href":"https:\/\/www.missionslocalesnormandie.fr\/mission-locale-pays-alencon\/wp-json\/wp\/v2\/users\/12"}],"replies":[{"embeddable":true,"href":"https:\/\/www.missionslocalesnormandie.fr\/mission-locale-pays-alencon\/wp-json\/wp\/v2\/comments?post=3783"}],"version-history":[{"count":14,"href":"https:\/\/www.missionslocalesnormandie.fr\/mission-locale-pays-alencon\/wp-json\/wp\/v2\/posts\/3783\/revisions"}],"predecessor-version":[{"id":3804,"href":"https:\/\/www.missionslocalesnormandie.fr\/mission-locale-pays-alencon\/wp-json\/wp\/v2\/posts\/3783\/revisions\/3804"}],"wp:featuredmedia":[{"embeddable":true,"href":"https:\/\/www.missionslocalesnormandie.fr\/mission-locale-pays-alencon\/wp-json\/wp\/v2\/media\/3790"}],"wp:attachment":[{"href":"https:\/\/www.missionslocalesnormandie.fr\/mission-locale-pays-alencon\/wp-json\/wp\/v2\/media?parent=3783"}],"wp:term":[{"taxonomy":"category","embeddable":true,"href":"https:\/\/www.missionslocalesnormandie.fr\/mission-locale-pays-alencon\/wp-json\/wp\/v2\/categories?post=3783"},{"taxonomy":"post_tag","embeddable":true,"href":"https:\/\/www.missionslocalesnormandie.fr\/mission-locale-pays-alencon\/wp-json\/wp\/v2\/tags?post=3783"}],"curies":[{"name":"wp","href":"https:\/\/api.w.org\/{rel}","templated":true}]}}