{"id":3858,"date":"2025-07-17T09:54:41","date_gmt":"2025-07-17T07:54:41","guid":{"rendered":"https:\/\/www.missionslocalesnormandie.fr\/mission-locale-pays-alencon\/?p=3858"},"modified":"2025-07-17T10:16:02","modified_gmt":"2025-07-17T08:16:02","slug":"labellisee","status":"publish","type":"post","link":"https:\/\/www.missionslocalesnormandie.fr\/mission-locale-pays-alencon\/2025\/07\/17\/labellisee\/","title":{"rendered":"Labellis\u00e9e !"},"content":{"rendered":"\t\t<div data-elementor-type=\"wp-post\" data-elementor-id=\"3858\" class=\"elementor elementor-3858\">\n\t\t\t\t<div class=\"elementor-element elementor-element-3431f7f e-flex e-con-boxed e-con e-parent\" data-id=\"3431f7f\" data-element_type=\"container\">\n\t\t\t\t\t<div class=\"e-con-inner\">\n\t\t\t\t<div class=\"elementor-element elementor-element-80c4fd4 elementor-widget elementor-widget-block_colonnes_texte\" data-id=\"80c4fd4\" data-element_type=\"widget\" data-widget_type=\"block_colonnes_texte.default\">\n\t\t\t\t<div class=\"elementor-widget-container\">\n\t\t\t    <div class=\"container\">\n                <div class=\"row my-4 row-cols-1 row-cols-lg-2 row-cols-xl-1\">\n                            <div class=\"col mb-4\">\n                    <h3>Labellis\u00e9e !<\/h3><p>Apr\u00e8s plusieurs mois de travail et d\u2019engagement dans la d\u00e9marche de labellisation du r\u00e9seau des Missions Locales, l\u2019\u00e9quipe de la Mission Locale d'Alen\u00e7on est fi\u00e8re de vous annoncer l\u2019obtention de son label \u2728<\/p><p>Ce dernier nous a \u00e9t\u00e9 d\u00e9cern\u00e9 \u00e0 l\u2019issue de la Commission nationale de labellisation qui s\u2019est tenue ce mercredi 28 mai.<br \/>Ce label vient r\u00e9compenser l\u2019investissement quotidien de nos collaborateurs en faveur de la r\u00e9ussite des jeunes\u2026<\/p><p>Nous tenons \u00e0 remercier l\u2019ensemble des acteurs qui ont particip\u00e9 \u00e0 cette r\u00e9ussite collective :<\/p><p>- notre \u00e9quipe pour leur mobilisation tout au long de ce processus de labellisation<br \/>- les auditeurs pour leur retour et leur bienveillance<br \/>- les jeunes et nos partenaires pour leur confiance<\/p>\n                <\/div>\n                    <\/div>\n    <\/div>\n\t\t<\/div>\n\t\t\t\t<\/div>\n\t\t\t\t\t<\/div>\n\t\t\t\t<\/div>\n\t\t\t\t<\/div>\n\t\t","protected":false},"excerpt":{"rendered":"<p>Labellis\u00e9e ! Apr\u00e8s plusieurs mois de travail et d\u2019engagement dans la d\u00e9marche de labellisation du r\u00e9seau des Missions Locales, l\u2019\u00e9quipe de la Mission Locale d&#8217;Alen\u00e7on est fi\u00e8re de vous annoncer l\u2019obtention de son label \u2728 Ce dernier nous a \u00e9t\u00e9 d\u00e9cern\u00e9 \u00e0 l\u2019issue de la Commission nationale de labellisation qui s\u2019est tenue ce mercredi 28 [&hellip;]<\/p>\n","protected":false},"author":13,"featured_media":3862,"comment_status":"closed","ping_status":"closed","sticky":false,"template":"","format":"standard","meta":{"_acf_changed":false,"_crosspost_to_1":false,"_crosspost_to_2":false,"_crosspost_to_3":false,"_crosspost_to_5":false,"_crosspost_to_6":false,"_crosspost_to_7":false,"_crosspost_to_8":false,"_crosspost_to_11":false,"_crosspost_to_12":false,"_crosspost_to_13":false,"_crosspost_to_14":false,"_crosspost_to_15":false,"_crosspost_to_16":false,"inline_featured_image":false,"footnotes":""},"categories":[1],"tags":[],"acf":[],"yoast_head":"<!-- This site is optimized with the Yoast SEO plugin v21.9.1 - https:\/\/yoast.com\/wordpress\/plugins\/seo\/ -->\n<title>Labellis\u00e9e ! - MISSION LOCALE DU PAYS D&#039;ALENCON<\/title>\n<meta name=\"robots\" content=\"index, follow, max-snippet:-1, max-image-preview:large, max-video-preview:-1\" \/>\n<link rel=\"canonical\" href=\"https:\/\/www.missionslocalesnormandie.fr\/mission-locale-pays-alencon\/2025\/07\/17\/labellisee\/\" \/>\n<meta property=\"og:locale\" content=\"fr_FR\" \/>\n<meta property=\"og:type\" content=\"article\" \/>\n<meta property=\"og:title\" content=\"Labellis\u00e9e ! - MISSION LOCALE DU PAYS D&#039;ALENCON\" \/>\n<meta property=\"og:description\" content=\"Labellis\u00e9e ! Apr\u00e8s plusieurs mois de travail et d\u2019engagement dans la d\u00e9marche de labellisation du r\u00e9seau des Missions Locales, l\u2019\u00e9quipe de la Mission Locale d&#8217;Alen\u00e7on est fi\u00e8re de vous annoncer l\u2019obtention de son label \u2728 Ce dernier nous a \u00e9t\u00e9 d\u00e9cern\u00e9 \u00e0 l\u2019issue de la Commission nationale de labellisation qui s\u2019est tenue ce mercredi 28 [&hellip;]\" \/>\n<meta property=\"og:url\" content=\"https:\/\/www.missionslocalesnormandie.fr\/mission-locale-pays-alencon\/2025\/07\/17\/labellisee\/\" \/>\n<meta property=\"og:site_name\" content=\"MISSION LOCALE DU PAYS D&#039;ALENCON\" \/>\n<meta property=\"article:published_time\" content=\"2025-07-17T07:54:41+00:00\" \/>\n<meta property=\"article:modified_time\" content=\"2025-07-17T08:16:02+00:00\" \/>\n<meta property=\"og:image\" content=\"https:\/\/www.missionslocalesnormandie.fr\/content\/uploads\/sites\/4\/2025\/07\/vignette-labellisee.png\" \/>\n\t<meta property=\"og:image:width\" content=\"1920\" \/>\n\t<meta property=\"og:image:height\" content=\"1080\" \/>\n\t<meta property=\"og:image:type\" content=\"image\/png\" \/>\n<meta name=\"author\" content=\"jbpaumier\" \/>\n<meta name=\"twitter:card\" content=\"summary_large_image\" \/>\n<meta name=\"twitter:label1\" content=\"\u00c9crit par\" \/>\n\t<meta name=\"twitter:data1\" content=\"jbpaumier\" \/>\n\t<meta name=\"twitter:label2\" content=\"Dur\u00e9e de lecture estim\u00e9e\" \/>\n\t<meta name=\"twitter:data2\" content=\"1 minute\" \/>\n<script type=\"application\/ld+json\" class=\"yoast-schema-graph\">{\"@context\":\"https:\/\/schema.org\",\"@graph\":[{\"@type\":\"WebPage\",\"@id\":\"https:\/\/www.missionslocalesnormandie.fr\/mission-locale-pays-alencon\/2025\/07\/17\/labellisee\/\",\"url\":\"https:\/\/www.missionslocalesnormandie.fr\/mission-locale-pays-alencon\/2025\/07\/17\/labellisee\/\",\"name\":\"Labellis\u00e9e ! - MISSION LOCALE DU PAYS D'ALENCON\",\"isPartOf\":{\"@id\":\"https:\/\/www.missionslocalesnormandie.fr\/mission-locale-pays-alencon\/#website\"},\"datePublished\":\"2025-07-17T07:54:41+00:00\",\"dateModified\":\"2025-07-17T08:16:02+00:00\",\"author\":{\"@id\":\"https:\/\/www.missionslocalesnormandie.fr\/mission-locale-pays-alencon\/#\/schema\/person\/a3722f47f7406c0977f7daed9c6a487a\"},\"breadcrumb\":{\"@id\":\"https:\/\/www.missionslocalesnormandie.fr\/mission-locale-pays-alencon\/2025\/07\/17\/labellisee\/#breadcrumb\"},\"inLanguage\":\"fr-FR\",\"potentialAction\":[{\"@type\":\"ReadAction\",\"target\":[\"https:\/\/www.missionslocalesnormandie.fr\/mission-locale-pays-alencon\/2025\/07\/17\/labellisee\/\"]}]},{\"@type\":\"BreadcrumbList\",\"@id\":\"https:\/\/www.missionslocalesnormandie.fr\/mission-locale-pays-alencon\/2025\/07\/17\/labellisee\/#breadcrumb\",\"itemListElement\":[{\"@type\":\"ListItem\",\"position\":1,\"name\":\"Home\",\"item\":\"https:\/\/www.missionslocalesnormandie.fr\/mission-locale-pays-alencon\/\"},{\"@type\":\"ListItem\",\"position\":2,\"name\":\"Actualit\u00e9s\",\"item\":\"https:\/\/www.missionslocalesnormandie.fr\/mission-locale-pays-alencon\/actualites\/\"},{\"@type\":\"ListItem\",\"position\":3,\"name\":\"Labellis\u00e9e !\"}]},{\"@type\":\"WebSite\",\"@id\":\"https:\/\/www.missionslocalesnormandie.fr\/mission-locale-pays-alencon\/#website\",\"url\":\"https:\/\/www.missionslocalesnormandie.fr\/mission-locale-pays-alencon\/\",\"name\":\"MISSION LOCALE DU PAYS D'ALENCON\",\"description\":\"\",\"potentialAction\":[{\"@type\":\"SearchAction\",\"target\":{\"@type\":\"EntryPoint\",\"urlTemplate\":\"https:\/\/www.missionslocalesnormandie.fr\/mission-locale-pays-alencon\/?s={search_term_string}\"},\"query-input\":\"required name=search_term_string\"}],\"inLanguage\":\"fr-FR\"},{\"@type\":\"Person\",\"@id\":\"https:\/\/www.missionslocalesnormandie.fr\/mission-locale-pays-alencon\/#\/schema\/person\/a3722f47f7406c0977f7daed9c6a487a\",\"name\":\"jbpaumier\",\"image\":{\"@type\":\"ImageObject\",\"inLanguage\":\"fr-FR\",\"@id\":\"https:\/\/www.missionslocalesnormandie.fr\/mission-locale-pays-alencon\/#\/schema\/person\/image\/\",\"url\":\"https:\/\/secure.gravatar.com\/avatar\/d94396932306ff72160ed33b805012e8?s=96&d=mm&r=g\",\"contentUrl\":\"https:\/\/secure.gravatar.com\/avatar\/d94396932306ff72160ed33b805012e8?s=96&d=mm&r=g\",\"caption\":\"jbpaumier\"},\"url\":\"https:\/\/www.missionslocalesnormandie.fr\/mission-locale-pays-alencon\/author\/jbpaumier\/\"}]}<\/script>\n<!-- \/ Yoast SEO plugin. -->","yoast_head_json":{"title":"Labellis\u00e9e ! - MISSION LOCALE DU PAYS D'ALENCON","robots":{"index":"index","follow":"follow","max-snippet":"max-snippet:-1","max-image-preview":"max-image-preview:large","max-video-preview":"max-video-preview:-1"},"canonical":"https:\/\/www.missionslocalesnormandie.fr\/mission-locale-pays-alencon\/2025\/07\/17\/labellisee\/","og_locale":"fr_FR","og_type":"article","og_title":"Labellis\u00e9e ! - MISSION LOCALE DU PAYS D'ALENCON","og_description":"Labellis\u00e9e ! Apr\u00e8s plusieurs mois de travail et d\u2019engagement dans la d\u00e9marche de labellisation du r\u00e9seau des Missions Locales, l\u2019\u00e9quipe de la Mission Locale d&#8217;Alen\u00e7on est fi\u00e8re de vous annoncer l\u2019obtention de son label \u2728 Ce dernier nous a \u00e9t\u00e9 d\u00e9cern\u00e9 \u00e0 l\u2019issue de la Commission nationale de labellisation qui s\u2019est tenue ce mercredi 28 [&hellip;]","og_url":"https:\/\/www.missionslocalesnormandie.fr\/mission-locale-pays-alencon\/2025\/07\/17\/labellisee\/","og_site_name":"MISSION LOCALE DU PAYS D'ALENCON","article_published_time":"2025-07-17T07:54:41+00:00","article_modified_time":"2025-07-17T08:16:02+00:00","og_image":[{"width":1920,"height":1080,"url":"https:\/\/www.missionslocalesnormandie.fr\/content\/uploads\/sites\/4\/2025\/07\/vignette-labellisee.png","type":"image\/png"}],"author":"jbpaumier","twitter_card":"summary_large_image","twitter_misc":{"\u00c9crit par":"jbpaumier","Dur\u00e9e de lecture estim\u00e9e":"1 minute"},"schema":{"@context":"https:\/\/schema.org","@graph":[{"@type":"WebPage","@id":"https:\/\/www.missionslocalesnormandie.fr\/mission-locale-pays-alencon\/2025\/07\/17\/labellisee\/","url":"https:\/\/www.missionslocalesnormandie.fr\/mission-locale-pays-alencon\/2025\/07\/17\/labellisee\/","name":"Labellis\u00e9e ! - MISSION LOCALE DU PAYS D'ALENCON","isPartOf":{"@id":"https:\/\/www.missionslocalesnormandie.fr\/mission-locale-pays-alencon\/#website"},"datePublished":"2025-07-17T07:54:41+00:00","dateModified":"2025-07-17T08:16:02+00:00","author":{"@id":"https:\/\/www.missionslocalesnormandie.fr\/mission-locale-pays-alencon\/#\/schema\/person\/a3722f47f7406c0977f7daed9c6a487a"},"breadcrumb":{"@id":"https:\/\/www.missionslocalesnormandie.fr\/mission-locale-pays-alencon\/2025\/07\/17\/labellisee\/#breadcrumb"},"inLanguage":"fr-FR","potentialAction":[{"@type":"ReadAction","target":["https:\/\/www.missionslocalesnormandie.fr\/mission-locale-pays-alencon\/2025\/07\/17\/labellisee\/"]}]},{"@type":"BreadcrumbList","@id":"https:\/\/www.missionslocalesnormandie.fr\/mission-locale-pays-alencon\/2025\/07\/17\/labellisee\/#breadcrumb","itemListElement":[{"@type":"ListItem","position":1,"name":"Home","item":"https:\/\/www.missionslocalesnormandie.fr\/mission-locale-pays-alencon\/"},{"@type":"ListItem","position":2,"name":"Actualit\u00e9s","item":"https:\/\/www.missionslocalesnormandie.fr\/mission-locale-pays-alencon\/actualites\/"},{"@type":"ListItem","position":3,"name":"Labellis\u00e9e !"}]},{"@type":"WebSite","@id":"https:\/\/www.missionslocalesnormandie.fr\/mission-locale-pays-alencon\/#website","url":"https:\/\/www.missionslocalesnormandie.fr\/mission-locale-pays-alencon\/","name":"MISSION LOCALE DU PAYS D'ALENCON","description":"","potentialAction":[{"@type":"SearchAction","target":{"@type":"EntryPoint","urlTemplate":"https:\/\/www.missionslocalesnormandie.fr\/mission-locale-pays-alencon\/?s={search_term_string}"},"query-input":"required name=search_term_string"}],"inLanguage":"fr-FR"},{"@type":"Person","@id":"https:\/\/www.missionslocalesnormandie.fr\/mission-locale-pays-alencon\/#\/schema\/person\/a3722f47f7406c0977f7daed9c6a487a","name":"jbpaumier","image":{"@type":"ImageObject","inLanguage":"fr-FR","@id":"https:\/\/www.missionslocalesnormandie.fr\/mission-locale-pays-alencon\/#\/schema\/person\/image\/","url":"https:\/\/secure.gravatar.com\/avatar\/d94396932306ff72160ed33b805012e8?s=96&d=mm&r=g","contentUrl":"https:\/\/secure.gravatar.com\/avatar\/d94396932306ff72160ed33b805012e8?s=96&d=mm&r=g","caption":"jbpaumier"},"url":"https:\/\/www.missionslocalesnormandie.fr\/mission-locale-pays-alencon\/author\/jbpaumier\/"}]}},"_links":{"self":[{"href":"https:\/\/www.missionslocalesnormandie.fr\/mission-locale-pays-alencon\/wp-json\/wp\/v2\/posts\/3858"}],"collection":[{"href":"https:\/\/www.missionslocalesnormandie.fr\/mission-locale-pays-alencon\/wp-json\/wp\/v2\/posts"}],"about":[{"href":"https:\/\/www.missionslocalesnormandie.fr\/mission-locale-pays-alencon\/wp-json\/wp\/v2\/types\/post"}],"author":[{"embeddable":true,"href":"https:\/\/www.missionslocalesnormandie.fr\/mission-locale-pays-alencon\/wp-json\/wp\/v2\/users\/13"}],"replies":[{"embeddable":true,"href":"https:\/\/www.missionslocalesnormandie.fr\/mission-locale-pays-alencon\/wp-json\/wp\/v2\/comments?post=3858"}],"version-history":[{"count":8,"href":"https:\/\/www.missionslocalesnormandie.fr\/mission-locale-pays-alencon\/wp-json\/wp\/v2\/posts\/3858\/revisions"}],"predecessor-version":[{"id":3870,"href":"https:\/\/www.missionslocalesnormandie.fr\/mission-locale-pays-alencon\/wp-json\/wp\/v2\/posts\/3858\/revisions\/3870"}],"wp:featuredmedia":[{"embeddable":true,"href":"https:\/\/www.missionslocalesnormandie.fr\/mission-locale-pays-alencon\/wp-json\/wp\/v2\/media\/3862"}],"wp:attachment":[{"href":"https:\/\/www.missionslocalesnormandie.fr\/mission-locale-pays-alencon\/wp-json\/wp\/v2\/media?parent=3858"}],"wp:term":[{"taxonomy":"category","embeddable":true,"href":"https:\/\/www.missionslocalesnormandie.fr\/mission-locale-pays-alencon\/wp-json\/wp\/v2\/categories?post=3858"},{"taxonomy":"post_tag","embeddable":true,"href":"https:\/\/www.missionslocalesnormandie.fr\/mission-locale-pays-alencon\/wp-json\/wp\/v2\/tags?post=3858"}],"curies":[{"name":"wp","href":"https:\/\/api.w.org\/{rel}","templated":true}]}}