{"id":3887,"date":"2025-08-25T15:11:42","date_gmt":"2025-08-25T13:11:42","guid":{"rendered":"https:\/\/www.missionslocalesnormandie.fr\/mission-locale-pays-alencon\/?p=3887"},"modified":"2025-08-26T15:58:34","modified_gmt":"2025-08-26T13:58:34","slug":"mission-locale-alentour-rentree-emploi-formation","status":"publish","type":"post","link":"https:\/\/www.missionslocalesnormandie.fr\/mission-locale-pays-alencon\/2025\/08\/25\/mission-locale-alentour-rentree-emploi-formation\/","title":{"rendered":"Une solution pour ta rentr\u00e9e !"},"content":{"rendered":"\t\t<div data-elementor-type=\"wp-post\" data-elementor-id=\"3887\" class=\"elementor elementor-3887\">\n\t\t\t\t<div class=\"elementor-element elementor-element-0161083 e-flex e-con-boxed e-con e-parent\" data-id=\"0161083\" data-element_type=\"container\">\n\t\t\t\t\t<div class=\"e-con-inner\">\n\t\t\t\t\t<\/div>\n\t\t\t\t<\/div>\n\t\t<div class=\"elementor-element elementor-element-161a6d1 e-flex e-con-boxed e-con e-parent\" data-id=\"161a6d1\" data-element_type=\"container\">\n\t\t\t\t\t<div class=\"e-con-inner\">\n\t\t\t\t<div class=\"elementor-element elementor-element-5fdb922 elementor-widget elementor-widget-block_simple_texte\" data-id=\"5fdb922\" data-element_type=\"widget\" data-widget_type=\"block_simple_texte.default\">\n\t\t\t\t<div class=\"elementor-widget-container\">\n\t\t\t    <div class=\"container\">\n        <p>La rentr\u00e9e approche... et tu n'as toujours pas trouv\u00e9 ta voie ?<br \/>Pas de projet pro, pas de formation, pas d'emploi pour cette rentr\u00e9e ?<\/p><p><strong>Pas de panique, la Mission Locale est l\u00e0 pour t'accompagner !<\/strong><\/p><p>Si tu as entre 16 et 25 ans (ou jusqu'\u00e0 29 ans sous certaines conditions) que tu cherches un stage, une formation, ou m\u00eame un emploi, nous sommes l\u00e0 pour t'aider \u00e0 trouver des solutions concr\u00e8tes et \u00e0 pr\u00e9parer ton avenir professionnel.<\/p><p>\ud83d\udc49 Rends-toi \u00e0 la Mission Locale ou utilise notre formulaire de contact directement ici.<br \/>\ud83d\udccd 59 rue Saint-Blaise, 61000 Alen\u00e7on<br \/>\ud83d\udcde 02 33 32 05 94<\/p><p>On te guide \u00e0 chaque \u00e9tape et on te soutient dans tes d\u00e9marches. Ton avenir commence ici ! \u2728<\/p><p>Tu es pr\u00eat \u00e0 d\u00e9marrer ? Viens nous rencontrer et on pr\u00e9pare ensemble ta rentr\u00e9e !<\/p>\n    <\/div>\n\t\t<\/div>\n\t\t\t\t<\/div>\n\t\t\t\t<div class=\"elementor-element elementor-element-8b3883a elementor-widget elementor-widget-image\" data-id=\"8b3883a\" data-element_type=\"widget\" data-widget_type=\"image.default\">\n\t\t\t\t<div class=\"elementor-widget-container\">\n\t\t\t\t\t\t\t\t\t\t\t\t\t<img fetchpriority=\"high\" decoding=\"async\" width=\"725\" height=\"1024\" src=\"https:\/\/www.missionslocalesnormandie.fr\/content\/uploads\/sites\/4\/2025\/08\/affiche-bus-impression-725x1024.webp\" class=\"attachment-large size-large wp-image-3886\" alt=\"Trouver une solution pour la rentr\u00e9e : projet professionnel, formation, emploi\" srcset=\"https:\/\/www.missionslocalesnormandie.fr\/content\/uploads\/sites\/4\/2025\/08\/affiche-bus-impression-725x1024.webp 725w, https:\/\/www.missionslocalesnormandie.fr\/content\/uploads\/sites\/4\/2025\/08\/affiche-bus-impression-212x300.webp 212w, https:\/\/www.missionslocalesnormandie.fr\/content\/uploads\/sites\/4\/2025\/08\/affiche-bus-impression-768x1085.webp 768w, https:\/\/www.missionslocalesnormandie.fr\/content\/uploads\/sites\/4\/2025\/08\/affiche-bus-impression-1087x1536.webp 1087w, https:\/\/www.missionslocalesnormandie.fr\/content\/uploads\/sites\/4\/2025\/08\/affiche-bus-impression-1450x2048.webp 1450w, https:\/\/www.missionslocalesnormandie.fr\/content\/uploads\/sites\/4\/2025\/08\/affiche-bus-impression-scaled.webp 1812w\" sizes=\"(max-width: 725px) 100vw, 725px\" \/>\t\t\t\t\t\t\t\t\t\t\t\t\t<\/div>\n\t\t\t\t<\/div>\n\t\t\t\t\t<\/div>\n\t\t\t\t<\/div>\n\t\t\t\t<\/div>\n\t\t","protected":false},"excerpt":{"rendered":"<p>La rentr\u00e9e approche&#8230; et tu n&#8217;as toujours pas trouv\u00e9 ta voie ? Pas de projet pro, pas de formation, pas d&#8217;emploi pour cette rentr\u00e9e ? Pas de panique, la Mission Locale est l\u00e0 pour t&#8217;accompagner ! Si tu as entre 16 et 25 ans (ou jusqu&#8217;\u00e0 29 ans sous certaines conditions) que tu cherches un [&hellip;]<\/p>\n","protected":false},"author":13,"featured_media":3878,"comment_status":"closed","ping_status":"closed","sticky":false,"template":"","format":"standard","meta":{"_acf_changed":false,"_crosspost_to_1":false,"_crosspost_to_2":false,"_crosspost_to_3":false,"_crosspost_to_5":false,"_crosspost_to_6":false,"_crosspost_to_7":false,"_crosspost_to_8":false,"_crosspost_to_11":false,"_crosspost_to_12":false,"_crosspost_to_13":false,"_crosspost_to_14":false,"_crosspost_to_15":false,"_crosspost_to_16":false,"inline_featured_image":false,"footnotes":""},"categories":[1],"tags":[7,6,5],"acf":[],"yoast_head":"<!-- This site is optimized with the Yoast SEO plugin v21.9.1 - https:\/\/yoast.com\/wordpress\/plugins\/seo\/ -->\n<title>Une solution pour ta rentr\u00e9e ! - MISSION LOCALE DU PAYS D&#039;ALENCON<\/title>\n<meta name=\"description\" content=\"Tu as entre 16 et 29 ans et tu n\u2019as pas trouv\u00e9 ta voie ? La Mission Locale d&#039;Alen\u00e7on t&#039;accompagne pour trouver un stage, une formation ou un emploi. Viens nous rencontrer et pr\u00e9parer ta rentr\u00e9e professionnelle d\u00e8s maintenant.\" \/>\n<meta name=\"robots\" content=\"index, follow, max-snippet:-1, max-image-preview:large, max-video-preview:-1\" \/>\n<link rel=\"canonical\" href=\"https:\/\/www.missionslocalesnormandie.fr\/mission-locale-pays-alencon\/2025\/08\/25\/mission-locale-alentour-rentree-emploi-formation\/\" \/>\n<meta property=\"og:locale\" content=\"fr_FR\" \/>\n<meta property=\"og:type\" content=\"article\" \/>\n<meta property=\"og:title\" content=\"Une solution pour ta rentr\u00e9e ! - MISSION LOCALE DU PAYS D&#039;ALENCON\" \/>\n<meta property=\"og:description\" content=\"Tu as entre 16 et 29 ans et tu n\u2019as pas trouv\u00e9 ta voie ? La Mission Locale d&#039;Alen\u00e7on t&#039;accompagne pour trouver un stage, une formation ou un emploi. Viens nous rencontrer et pr\u00e9parer ta rentr\u00e9e professionnelle d\u00e8s maintenant.\" \/>\n<meta property=\"og:url\" content=\"https:\/\/www.missionslocalesnormandie.fr\/mission-locale-pays-alencon\/2025\/08\/25\/mission-locale-alentour-rentree-emploi-formation\/\" \/>\n<meta property=\"og:site_name\" content=\"MISSION LOCALE DU PAYS D&#039;ALENCON\" \/>\n<meta property=\"article:published_time\" content=\"2025-08-25T13:11:42+00:00\" \/>\n<meta property=\"article:modified_time\" content=\"2025-08-26T13:58:34+00:00\" \/>\n<meta property=\"og:image\" content=\"https:\/\/www.missionslocalesnormandie.fr\/content\/uploads\/sites\/4\/2025\/08\/vignette-rentree.webp\" \/>\n\t<meta property=\"og:image:width\" content=\"1920\" \/>\n\t<meta property=\"og:image:height\" content=\"1080\" \/>\n\t<meta property=\"og:image:type\" content=\"image\/webp\" \/>\n<meta name=\"author\" content=\"jbpaumier\" \/>\n<meta name=\"twitter:card\" content=\"summary_large_image\" \/>\n<meta name=\"twitter:label1\" content=\"\u00c9crit par\" \/>\n\t<meta name=\"twitter:data1\" content=\"jbpaumier\" \/>\n\t<meta name=\"twitter:label2\" content=\"Dur\u00e9e de lecture estim\u00e9e\" \/>\n\t<meta name=\"twitter:data2\" content=\"2 minutes\" \/>\n<script type=\"application\/ld+json\" class=\"yoast-schema-graph\">{\"@context\":\"https:\/\/schema.org\",\"@graph\":[{\"@type\":\"WebPage\",\"@id\":\"https:\/\/www.missionslocalesnormandie.fr\/mission-locale-pays-alencon\/2025\/08\/25\/mission-locale-alentour-rentree-emploi-formation\/\",\"url\":\"https:\/\/www.missionslocalesnormandie.fr\/mission-locale-pays-alencon\/2025\/08\/25\/mission-locale-alentour-rentree-emploi-formation\/\",\"name\":\"Une solution pour ta rentr\u00e9e ! - MISSION LOCALE DU PAYS D'ALENCON\",\"isPartOf\":{\"@id\":\"https:\/\/www.missionslocalesnormandie.fr\/mission-locale-pays-alencon\/#website\"},\"datePublished\":\"2025-08-25T13:11:42+00:00\",\"dateModified\":\"2025-08-26T13:58:34+00:00\",\"author\":{\"@id\":\"https:\/\/www.missionslocalesnormandie.fr\/mission-locale-pays-alencon\/#\/schema\/person\/a3722f47f7406c0977f7daed9c6a487a\"},\"description\":\"Tu as entre 16 et 29 ans et tu n\u2019as pas trouv\u00e9 ta voie ? La Mission Locale d'Alen\u00e7on t'accompagne pour trouver un stage, une formation ou un emploi. Viens nous rencontrer et pr\u00e9parer ta rentr\u00e9e professionnelle d\u00e8s maintenant.\",\"breadcrumb\":{\"@id\":\"https:\/\/www.missionslocalesnormandie.fr\/mission-locale-pays-alencon\/2025\/08\/25\/mission-locale-alentour-rentree-emploi-formation\/#breadcrumb\"},\"inLanguage\":\"fr-FR\",\"potentialAction\":[{\"@type\":\"ReadAction\",\"target\":[\"https:\/\/www.missionslocalesnormandie.fr\/mission-locale-pays-alencon\/2025\/08\/25\/mission-locale-alentour-rentree-emploi-formation\/\"]}]},{\"@type\":\"BreadcrumbList\",\"@id\":\"https:\/\/www.missionslocalesnormandie.fr\/mission-locale-pays-alencon\/2025\/08\/25\/mission-locale-alentour-rentree-emploi-formation\/#breadcrumb\",\"itemListElement\":[{\"@type\":\"ListItem\",\"position\":1,\"name\":\"Home\",\"item\":\"https:\/\/www.missionslocalesnormandie.fr\/mission-locale-pays-alencon\/\"},{\"@type\":\"ListItem\",\"position\":2,\"name\":\"Actualit\u00e9s\",\"item\":\"https:\/\/www.missionslocalesnormandie.fr\/mission-locale-pays-alencon\/actualites\/\"},{\"@type\":\"ListItem\",\"position\":3,\"name\":\"Une solution pour ta rentr\u00e9e !\"}]},{\"@type\":\"WebSite\",\"@id\":\"https:\/\/www.missionslocalesnormandie.fr\/mission-locale-pays-alencon\/#website\",\"url\":\"https:\/\/www.missionslocalesnormandie.fr\/mission-locale-pays-alencon\/\",\"name\":\"MISSION LOCALE DU PAYS D'ALENCON\",\"description\":\"\",\"potentialAction\":[{\"@type\":\"SearchAction\",\"target\":{\"@type\":\"EntryPoint\",\"urlTemplate\":\"https:\/\/www.missionslocalesnormandie.fr\/mission-locale-pays-alencon\/?s={search_term_string}\"},\"query-input\":\"required name=search_term_string\"}],\"inLanguage\":\"fr-FR\"},{\"@type\":\"Person\",\"@id\":\"https:\/\/www.missionslocalesnormandie.fr\/mission-locale-pays-alencon\/#\/schema\/person\/a3722f47f7406c0977f7daed9c6a487a\",\"name\":\"jbpaumier\",\"image\":{\"@type\":\"ImageObject\",\"inLanguage\":\"fr-FR\",\"@id\":\"https:\/\/www.missionslocalesnormandie.fr\/mission-locale-pays-alencon\/#\/schema\/person\/image\/\",\"url\":\"https:\/\/secure.gravatar.com\/avatar\/d94396932306ff72160ed33b805012e8?s=96&d=mm&r=g\",\"contentUrl\":\"https:\/\/secure.gravatar.com\/avatar\/d94396932306ff72160ed33b805012e8?s=96&d=mm&r=g\",\"caption\":\"jbpaumier\"},\"url\":\"https:\/\/www.missionslocalesnormandie.fr\/mission-locale-pays-alencon\/author\/jbpaumier\/\"}]}<\/script>\n<!-- \/ Yoast SEO plugin. -->","yoast_head_json":{"title":"Une solution pour ta rentr\u00e9e ! - MISSION LOCALE DU PAYS D'ALENCON","description":"Tu as entre 16 et 29 ans et tu n\u2019as pas trouv\u00e9 ta voie ? La Mission Locale d'Alen\u00e7on t'accompagne pour trouver un stage, une formation ou un emploi. Viens nous rencontrer et pr\u00e9parer ta rentr\u00e9e professionnelle d\u00e8s maintenant.","robots":{"index":"index","follow":"follow","max-snippet":"max-snippet:-1","max-image-preview":"max-image-preview:large","max-video-preview":"max-video-preview:-1"},"canonical":"https:\/\/www.missionslocalesnormandie.fr\/mission-locale-pays-alencon\/2025\/08\/25\/mission-locale-alentour-rentree-emploi-formation\/","og_locale":"fr_FR","og_type":"article","og_title":"Une solution pour ta rentr\u00e9e ! - MISSION LOCALE DU PAYS D'ALENCON","og_description":"Tu as entre 16 et 29 ans et tu n\u2019as pas trouv\u00e9 ta voie ? La Mission Locale d'Alen\u00e7on t'accompagne pour trouver un stage, une formation ou un emploi. Viens nous rencontrer et pr\u00e9parer ta rentr\u00e9e professionnelle d\u00e8s maintenant.","og_url":"https:\/\/www.missionslocalesnormandie.fr\/mission-locale-pays-alencon\/2025\/08\/25\/mission-locale-alentour-rentree-emploi-formation\/","og_site_name":"MISSION LOCALE DU PAYS D'ALENCON","article_published_time":"2025-08-25T13:11:42+00:00","article_modified_time":"2025-08-26T13:58:34+00:00","og_image":[{"width":1920,"height":1080,"url":"https:\/\/www.missionslocalesnormandie.fr\/content\/uploads\/sites\/4\/2025\/08\/vignette-rentree.webp","type":"image\/webp"}],"author":"jbpaumier","twitter_card":"summary_large_image","twitter_misc":{"\u00c9crit par":"jbpaumier","Dur\u00e9e de lecture estim\u00e9e":"2 minutes"},"schema":{"@context":"https:\/\/schema.org","@graph":[{"@type":"WebPage","@id":"https:\/\/www.missionslocalesnormandie.fr\/mission-locale-pays-alencon\/2025\/08\/25\/mission-locale-alentour-rentree-emploi-formation\/","url":"https:\/\/www.missionslocalesnormandie.fr\/mission-locale-pays-alencon\/2025\/08\/25\/mission-locale-alentour-rentree-emploi-formation\/","name":"Une solution pour ta rentr\u00e9e ! - MISSION LOCALE DU PAYS D'ALENCON","isPartOf":{"@id":"https:\/\/www.missionslocalesnormandie.fr\/mission-locale-pays-alencon\/#website"},"datePublished":"2025-08-25T13:11:42+00:00","dateModified":"2025-08-26T13:58:34+00:00","author":{"@id":"https:\/\/www.missionslocalesnormandie.fr\/mission-locale-pays-alencon\/#\/schema\/person\/a3722f47f7406c0977f7daed9c6a487a"},"description":"Tu as entre 16 et 29 ans et tu n\u2019as pas trouv\u00e9 ta voie ? La Mission Locale d'Alen\u00e7on t'accompagne pour trouver un stage, une formation ou un emploi. Viens nous rencontrer et pr\u00e9parer ta rentr\u00e9e professionnelle d\u00e8s maintenant.","breadcrumb":{"@id":"https:\/\/www.missionslocalesnormandie.fr\/mission-locale-pays-alencon\/2025\/08\/25\/mission-locale-alentour-rentree-emploi-formation\/#breadcrumb"},"inLanguage":"fr-FR","potentialAction":[{"@type":"ReadAction","target":["https:\/\/www.missionslocalesnormandie.fr\/mission-locale-pays-alencon\/2025\/08\/25\/mission-locale-alentour-rentree-emploi-formation\/"]}]},{"@type":"BreadcrumbList","@id":"https:\/\/www.missionslocalesnormandie.fr\/mission-locale-pays-alencon\/2025\/08\/25\/mission-locale-alentour-rentree-emploi-formation\/#breadcrumb","itemListElement":[{"@type":"ListItem","position":1,"name":"Home","item":"https:\/\/www.missionslocalesnormandie.fr\/mission-locale-pays-alencon\/"},{"@type":"ListItem","position":2,"name":"Actualit\u00e9s","item":"https:\/\/www.missionslocalesnormandie.fr\/mission-locale-pays-alencon\/actualites\/"},{"@type":"ListItem","position":3,"name":"Une solution pour ta rentr\u00e9e !"}]},{"@type":"WebSite","@id":"https:\/\/www.missionslocalesnormandie.fr\/mission-locale-pays-alencon\/#website","url":"https:\/\/www.missionslocalesnormandie.fr\/mission-locale-pays-alencon\/","name":"MISSION LOCALE DU PAYS D'ALENCON","description":"","potentialAction":[{"@type":"SearchAction","target":{"@type":"EntryPoint","urlTemplate":"https:\/\/www.missionslocalesnormandie.fr\/mission-locale-pays-alencon\/?s={search_term_string}"},"query-input":"required name=search_term_string"}],"inLanguage":"fr-FR"},{"@type":"Person","@id":"https:\/\/www.missionslocalesnormandie.fr\/mission-locale-pays-alencon\/#\/schema\/person\/a3722f47f7406c0977f7daed9c6a487a","name":"jbpaumier","image":{"@type":"ImageObject","inLanguage":"fr-FR","@id":"https:\/\/www.missionslocalesnormandie.fr\/mission-locale-pays-alencon\/#\/schema\/person\/image\/","url":"https:\/\/secure.gravatar.com\/avatar\/d94396932306ff72160ed33b805012e8?s=96&d=mm&r=g","contentUrl":"https:\/\/secure.gravatar.com\/avatar\/d94396932306ff72160ed33b805012e8?s=96&d=mm&r=g","caption":"jbpaumier"},"url":"https:\/\/www.missionslocalesnormandie.fr\/mission-locale-pays-alencon\/author\/jbpaumier\/"}]}},"_links":{"self":[{"href":"https:\/\/www.missionslocalesnormandie.fr\/mission-locale-pays-alencon\/wp-json\/wp\/v2\/posts\/3887"}],"collection":[{"href":"https:\/\/www.missionslocalesnormandie.fr\/mission-locale-pays-alencon\/wp-json\/wp\/v2\/posts"}],"about":[{"href":"https:\/\/www.missionslocalesnormandie.fr\/mission-locale-pays-alencon\/wp-json\/wp\/v2\/types\/post"}],"author":[{"embeddable":true,"href":"https:\/\/www.missionslocalesnormandie.fr\/mission-locale-pays-alencon\/wp-json\/wp\/v2\/users\/13"}],"replies":[{"embeddable":true,"href":"https:\/\/www.missionslocalesnormandie.fr\/mission-locale-pays-alencon\/wp-json\/wp\/v2\/comments?post=3887"}],"version-history":[{"count":8,"href":"https:\/\/www.missionslocalesnormandie.fr\/mission-locale-pays-alencon\/wp-json\/wp\/v2\/posts\/3887\/revisions"}],"predecessor-version":[{"id":3903,"href":"https:\/\/www.missionslocalesnormandie.fr\/mission-locale-pays-alencon\/wp-json\/wp\/v2\/posts\/3887\/revisions\/3903"}],"wp:featuredmedia":[{"embeddable":true,"href":"https:\/\/www.missionslocalesnormandie.fr\/mission-locale-pays-alencon\/wp-json\/wp\/v2\/media\/3878"}],"wp:attachment":[{"href":"https:\/\/www.missionslocalesnormandie.fr\/mission-locale-pays-alencon\/wp-json\/wp\/v2\/media?parent=3887"}],"wp:term":[{"taxonomy":"category","embeddable":true,"href":"https:\/\/www.missionslocalesnormandie.fr\/mission-locale-pays-alencon\/wp-json\/wp\/v2\/categories?post=3887"},{"taxonomy":"post_tag","embeddable":true,"href":"https:\/\/www.missionslocalesnormandie.fr\/mission-locale-pays-alencon\/wp-json\/wp\/v2\/tags?post=3887"}],"curies":[{"name":"wp","href":"https:\/\/api.w.org\/{rel}","templated":true}]}}